{"id":67651,"date":"2026-09-01T19:44:43","date_gmt":"2026-09-01T19:44:43","guid":{"rendered":"https:\/\/alger16.dz\/?p=67651"},"modified":"2026-09-01T19:44:43","modified_gmt":"2026-09-01T19:44:43","slug":"mise-en-oeuvre-des-directives-du-president-de-la-republique-acceleration-de-la-prise-en-charge-des-sinistres","status":"publish","type":"post","link":"https:\/\/alger16.dz\/?p=67651","title":{"rendered":"Mise en \u0153uvre des directives du pr\u00e9sident de la R\u00e9publique : acc\u00e9l\u00e9ration de la prise en charge des sinistr\u00e9s"},"content":{"rendered":"\n<figure class=\"wp-block-image size-full\"><img loading=\"lazy\" decoding=\"async\" width=\"960\" height=\"640\" src=\"https:\/\/alger16.dz\/wp-content\/uploads\/2026\/09\/sayoud.jpg\" alt=\"\" class=\"wp-image-67652\" srcset=\"https:\/\/alger16.dz\/wp-content\/uploads\/2026\/09\/sayoud.jpg 960w, https:\/\/alger16.dz\/wp-content\/uploads\/2026\/09\/sayoud-300x200.jpg 300w, https:\/\/alger16.dz\/wp-content\/uploads\/2026\/09\/sayoud-768x512.jpg 768w\" sizes=\"auto, (max-width: 960px) 100vw, 960px\" \/><\/figure>\n\n\n\n<p class=\"wp-block-paragraph\"><strong>Lundi dernier \u00e0 Alger, le ministre de l\u2019Int\u00e9rieur, des Collectivit\u00e9s locales et des Transports, Sa\u00efd Sayoud, a pr\u00e9sid\u00e9 une r\u00e9union de coordination avec les walis. Cette rencontre, relay\u00e9e par un communiqu\u00e9 minist\u00e9riel, visait \u00e0 assurer le suivi de l\u2019application des instructions du pr\u00e9sident de la R\u00e9publique, Abdelmadjid Tebboune, concernant l\u2019assistance aux populations et aux r\u00e9gions touch\u00e9es par les r\u00e9cents incendies.<\/strong><\/p>\n\n\n\n<p class=\"wp-block-paragraph\">Apr\u00e8s la mobilisation engag\u00e9e pour faire face aux feux et prot\u00e9ger les populations, l\u2019heure est d\u00e9sormais \u00e0 la prise en charge des cons\u00e9quences de cette catastrophe. Il s\u2019agit avant tout de garantir une r\u00e9ponse \u00e9tatique rapide, cibl\u00e9e et r\u00e9solument tourn\u00e9e vers le soutien direct aux citoyens sinistr\u00e9s, mais \u00e9galement de r\u00e9tablir progressivement les conditions n\u00e9cessaires au retour \u00e0 une vie normale.<br>D\u2019embl\u00e9e, le ministre a tenu \u00e0 rendre hommage aux diff\u00e9rents services locaux et \u00e0 l\u2019ensemble des walis mobilis\u00e9s durant ces incendies, saluant \u00ab une coordination de terrain salu\u00e9e pour son efficacit\u00e9 \u00bb. Une dynamique que le premier responsable du secteur a appel\u00e9 \u00e0 maintenir, en insistant sur le renforcement du principe de proximit\u00e9 avec les administr\u00e9s.<br>Sur le terrain, la premi\u00e8re \u00e9tape consiste d\u00e9sormais \u00e0 mesurer pr\u00e9cis\u00e9ment l\u2019ampleur des d\u00e9g\u00e2ts. Parmi les principales directives donn\u00e9es lors de cette r\u00e9union, l\u2019acc\u00e9l\u00e9ration de l\u2019inventaire des pr\u00e9judices mat\u00e9riels et l\u2019\u00e9valuation des besoins occupent ainsi une place centrale.<br>Ces op\u00e9rations doivent permettre d\u2019identifier les habitations endommag\u00e9es et de d\u00e9terminer les besoins des familles touch\u00e9es.<br>M. Sayoud a ordonn\u00e9 le lancement des proc\u00e9dures d\u2019indemnisation et de r\u00e9habilitation des habitations endommag\u00e9es, tout en appelant \u00e0 all\u00e9ger les d\u00e9marches administratives afin de faciliter et d\u2019acc\u00e9l\u00e9rer l\u2019assistance aux familles sinistr\u00e9es.<br>L\u2019aspect humain et social demeure \u00e9galement au c\u0153ur de cette prise en charge. Le ministre a appel\u00e9 \u00e0 accorder une attention particuli\u00e8re \u00e0 l\u2019accompagnement psychologique et social des populations \u00e9prouv\u00e9es, ainsi qu\u2019\u00e0 l\u2019\u00e9coute de leurs dol\u00e9ances. Au-del\u00e0 des d\u00e9g\u00e2ts mat\u00e9riels, les incendies ont, en effet, laiss\u00e9 derri\u00e8re eux des familles confront\u00e9es \u00e0 des pertes importantes et \u00e0 des conditions de vie difficiles.<br>Sur le plan technique, la mobilisation se poursuit pour r\u00e9tablir au plus vite les conditions normales de vie. Cela passe notamment par la r\u00e9habilitation rapide des infrastructures publiques endommag\u00e9es, la remise en service prioritaire des r\u00e9seaux d\u2019eau potable, d\u2019\u00e9lectricit\u00e9, de gaz et de t\u00e9l\u00e9communications, ainsi que la r\u00e9fection du r\u00e9seau routier.<br>La remise en \u00e9tat de ces infrastructures constitue un autre volet essentiel du retour \u00e0 la normale. Pour les populations touch\u00e9es, retrouver l\u2019eau, l\u2019\u00e9lectricit\u00e9, le gaz, les communications et des routes praticables repr\u00e9sente une priorit\u00e9 imm\u00e9diate, au m\u00eame titre que la r\u00e9paration des habitations.<br>En cl\u00f4ture de cette r\u00e9union, le ministre a insist\u00e9 sur la n\u00e9cessit\u00e9 d\u2019un suivi rigoureux et de terrain de ces op\u00e9rations par les walis eux-m\u00eames. L\u2019objectif est d\u00e9sormais de maintenir la mobilisation engag\u00e9e durant les incendies et de la prolonger dans la phase de reconstruction, avec une priorit\u00e9 donn\u00e9e \u00e0 la rapidit\u00e9 des interventions et \u00e0 la prise en charge effective des familles sinistr\u00e9es.<br><strong>Zineb Bouzid<\/strong><\/p>\n","protected":false},"excerpt":{"rendered":"<p>Lundi dernier \u00e0 Alger, le ministre de l\u2019Int\u00e9rieur, des Collectivit\u00e9s locales et des Transports, Sa\u00efd Sayoud, a pr\u00e9sid\u00e9 une r\u00e9union de coordination avec les walis. Cette rencontre, relay\u00e9e par un communiqu\u00e9 minist\u00e9riel, visait \u00e0 assurer le suivi de l\u2019application des instructions du pr\u00e9sident de la R\u00e9publique, Abdelmadjid Tebboune, concernant l\u2019assistance [&hellip;]<\/p>\n","protected":false},"author":3,"featured_media":67652,"comment_status":"closed","ping_status":"closed","sticky":false,"template":"","format":"standard","meta":{"footnotes":""},"categories":[36],"tags":[228,5705,773],"class_list":["post-67651","post","type-post","status-publish","format-standard","has-post-thumbnail","hentry","category-actualites","tag-abdelmadjid-tebboune","tag-incendies","tag-said-sayoud"],"_links":{"self":[{"href":"https:\/\/alger16.dz\/index.php?rest_route=\/wp\/v2\/posts\/67651","targetHints":{"allow":["GET"]}}],"collection":[{"href":"https:\/\/alger16.dz\/index.php?rest_route=\/wp\/v2\/posts"}],"about":[{"href":"https:\/\/alger16.dz\/index.php?rest_route=\/wp\/v2\/types\/post"}],"author":[{"embeddable":true,"href":"https:\/\/alger16.dz\/index.php?rest_route=\/wp\/v2\/users\/3"}],"replies":[{"embeddable":true,"href":"https:\/\/alger16.dz\/index.php?rest_route=%2Fwp%2Fv2%2Fcomments&post=67651"}],"version-history":[{"count":1,"href":"https:\/\/alger16.dz\/index.php?rest_route=\/wp\/v2\/posts\/67651\/revisions"}],"predecessor-version":[{"id":67653,"href":"https:\/\/alger16.dz\/index.php?rest_route=\/wp\/v2\/posts\/67651\/revisions\/67653"}],"wp:featuredmedia":[{"embeddable":true,"href":"https:\/\/alger16.dz\/index.php?rest_route=\/wp\/v2\/media\/67652"}],"wp:attachment":[{"href":"https:\/\/alger16.dz\/index.php?rest_route=%2Fwp%2Fv2%2Fmedia&parent=67651"}],"wp:term":[{"taxonomy":"category","embeddable":true,"href":"https:\/\/alger16.dz\/index.php?rest_route=%2Fwp%2Fv2%2Fcategories&post=67651"},{"taxonomy":"post_tag","embeddable":true,"href":"https:\/\/alger16.dz\/index.php?rest_route=%2Fwp%2Fv2%2Ftags&post=67651"}],"curies":[{"name":"wp","href":"https:\/\/api.w.org\/{rel}","templated":true}]}}