{"id":67662,"date":"2026-09-01T19:44:43","date_gmt":"2026-09-01T19:44:43","guid":{"rendered":"https:\/\/alger16.dz\/?p=67662"},"modified":"2026-09-01T19:44:43","modified_gmt":"2026-09-01T19:44:43","slug":"le-dgsn-en-visite-de-travail-en-suisse","status":"publish","type":"post","link":"https:\/\/alger16.dz\/?p=67662","title":{"rendered":"Le DGSN en visite de travail en Suisse"},"content":{"rendered":"\n<figure class=\"wp-block-image size-large\"><img loading=\"lazy\" decoding=\"async\" width=\"1024\" height=\"683\" src=\"https:\/\/alger16.dz\/wp-content\/uploads\/2026\/09\/image-20-1024x683.webp\" alt=\"\" class=\"wp-image-67663\" srcset=\"https:\/\/alger16.dz\/wp-content\/uploads\/2026\/09\/image-20-1024x683.webp 1024w, https:\/\/alger16.dz\/wp-content\/uploads\/2026\/09\/image-20-300x200.webp 300w, https:\/\/alger16.dz\/wp-content\/uploads\/2026\/09\/image-20-768x512.webp 768w, https:\/\/alger16.dz\/wp-content\/uploads\/2026\/09\/image-20.webp 1080w\" sizes=\"auto, (max-width: 1024px) 100vw, 1024px\" \/><\/figure>\n\n\n\n<p class=\"wp-block-paragraph\">Le Directeur g\u00e9n\u00e9ral de la S\u00fbret\u00e9 nationale, Ali Badaoui, a entam\u00e9 une visite de travail en Suisse, \u00e0 la t\u00eate d&rsquo;une d\u00e9l\u00e9gation de hauts cadres de la S\u00fbret\u00e9 nationale, dans le cadre de la coop\u00e9ration polici\u00e8re entre les deux pays, a indiqu\u00e9 hier un communiqu\u00e9 de ces services.<br>Le Directeur g\u00e9n\u00e9ral de la S\u00fbret\u00e9 nationale a tenu, \u00e0 Berne, des entretiens avec son homologue, la directrice de l&rsquo;Office f\u00e9d\u00e9ral de la police suisse (Fedpol), Eva Wildi-Cort\u00e9s, sur \u00ab\u00a0les moyens de mettre en place des m\u00e9canismes de coordination et de coop\u00e9ration entre les polices des deux pays\u00a0\u00bb, pr\u00e9cise la m\u00eame source. Cette coop\u00e9ration bilat\u00e9rale \u00ab\u00a0couvre la formation, la lutte contre les diff\u00e9rentes formes de criminalit\u00e9 organis\u00e9e transnationale, la lutte contre les crimes \u00e9conomiques et financiers, la cybers\u00e9curit\u00e9, les crimes li\u00e9s \u00e0 l&rsquo;immigration clandestine et \u00e0 la traite des \u00eatres humains, et la lutte contre la drogue, et ce, face \u00e0 la multiplication et \u00e0 la complexit\u00e9 des menaces criminelles transnationales\u00a0\u00bb, ajoute le communiqu\u00e9.<br>Cette rencontre, qui intervient en concr\u00e9tisation des dispositions de l&rsquo;accord de coop\u00e9ration polici\u00e8re bilat\u00e9rale entre l&rsquo;Alg\u00e9rie et la Suisse, sign\u00e9 en juin 2025 \u00e0 Alger, a \u00e9t\u00e9 l&rsquo;occasion pour les deux parties de \u00ab\u00a0passer en revue l&rsquo;\u00e9tat et les perspectives de la coop\u00e9ration polici\u00e8re bilat\u00e9rale et d&rsquo;\u00e9changer les vues sur nombre de questions d&rsquo;int\u00e9r\u00eat commun, au service de la s\u00e9curit\u00e9 des deux pays\u00a0\u00bb, conclut le communiqu\u00e9.<\/p>\n","protected":false},"excerpt":{"rendered":"<p>Le Directeur g\u00e9n\u00e9ral de la S\u00fbret\u00e9 nationale, Ali Badaoui, a entam\u00e9 une visite de travail en Suisse, \u00e0 la t\u00eate d&rsquo;une d\u00e9l\u00e9gation de hauts cadres de la S\u00fbret\u00e9 nationale, dans le cadre de la coop\u00e9ration polici\u00e8re entre les deux pays, a indiqu\u00e9 hier un communiqu\u00e9 de ces services.Le Directeur g\u00e9n\u00e9ral [&hellip;]<\/p>\n","protected":false},"author":3,"featured_media":67663,"comment_status":"closed","ping_status":"closed","sticky":false,"template":"","format":"standard","meta":{"footnotes":""},"categories":[36],"tags":[4947,566],"class_list":["post-67662","post","type-post","status-publish","format-standard","has-post-thumbnail","hentry","category-actualites","tag-algerie-suisse","tag-dgsn"],"_links":{"self":[{"href":"https:\/\/alger16.dz\/index.php?rest_route=\/wp\/v2\/posts\/67662","targetHints":{"allow":["GET"]}}],"collection":[{"href":"https:\/\/alger16.dz\/index.php?rest_route=\/wp\/v2\/posts"}],"about":[{"href":"https:\/\/alger16.dz\/index.php?rest_route=\/wp\/v2\/types\/post"}],"author":[{"embeddable":true,"href":"https:\/\/alger16.dz\/index.php?rest_route=\/wp\/v2\/users\/3"}],"replies":[{"embeddable":true,"href":"https:\/\/alger16.dz\/index.php?rest_route=%2Fwp%2Fv2%2Fcomments&post=67662"}],"version-history":[{"count":1,"href":"https:\/\/alger16.dz\/index.php?rest_route=\/wp\/v2\/posts\/67662\/revisions"}],"predecessor-version":[{"id":67664,"href":"https:\/\/alger16.dz\/index.php?rest_route=\/wp\/v2\/posts\/67662\/revisions\/67664"}],"wp:featuredmedia":[{"embeddable":true,"href":"https:\/\/alger16.dz\/index.php?rest_route=\/wp\/v2\/media\/67663"}],"wp:attachment":[{"href":"https:\/\/alger16.dz\/index.php?rest_route=%2Fwp%2Fv2%2Fmedia&parent=67662"}],"wp:term":[{"taxonomy":"category","embeddable":true,"href":"https:\/\/alger16.dz\/index.php?rest_route=%2Fwp%2Fv2%2Fcategories&post=67662"},{"taxonomy":"post_tag","embeddable":true,"href":"https:\/\/alger16.dz\/index.php?rest_route=%2Fwp%2Fv2%2Ftags&post=67662"}],"curies":[{"name":"wp","href":"https:\/\/api.w.org\/{rel}","templated":true}]}}