{"id":67665,"date":"2026-09-01T19:44:42","date_gmt":"2026-09-01T19:44:42","guid":{"rendered":"https:\/\/alger16.dz\/?p=67665"},"modified":"2026-09-01T19:44:42","modified_gmt":"2026-09-01T19:44:42","slug":"des-artistes-algeriens-expriment-leur-solidarite-avec-les-victimes-des-incendies","status":"publish","type":"post","link":"https:\/\/alger16.dz\/?p=67665","title":{"rendered":"Des artistes alg\u00e9riens expriment leur solidarit\u00e9 avec les victimes des incendies"},"content":{"rendered":"\n<figure class=\"wp-block-image size-full\"><img loading=\"lazy\" decoding=\"async\" width=\"580\" height=\"350\" src=\"https:\/\/alger16.dz\/wp-content\/uploads\/2026\/09\/image-21.webp\" alt=\"\" class=\"wp-image-67666\" srcset=\"https:\/\/alger16.dz\/wp-content\/uploads\/2026\/09\/image-21.webp 580w, https:\/\/alger16.dz\/wp-content\/uploads\/2026\/09\/image-21-300x181.webp 300w\" sizes=\"auto, (max-width: 580px) 100vw, 580px\" \/><\/figure>\n\n\n\n<p class=\"wp-block-paragraph\">Le minist\u00e8re de la Culture et des Arts a publi\u00e9 lundi une vid\u00e9o r\u00e9unissant un nombre d&rsquo;artistes et d&rsquo;intellectuels alg\u00e9riens, dans laquelle ils expriment leur solidarit\u00e9 et soutien \u00e0 leurs fr\u00e8res touch\u00e9s par les r\u00e9cents incendies enregistr\u00e9s dans des wilayas du centre et de l&rsquo;est du pays.<br>D&rsquo;une voix sinc\u00e8re et expressive repr\u00e9sentant une famille artistique et culturelle unie, les artistes participant \u00e0 cette vid\u00e9o, publi\u00e9e sur la page officielle du minist\u00e8re sur les r\u00e9seaux sociaux, ont voulu \u00e0 travers ce geste exprimer leur solidarit\u00e9 en ces circonstances difficiles et mettre en avant les valeurs d&rsquo;entraide et de coh\u00e9sion entre les Alg\u00e9riens.<br>Cette initiative confirme, selon le minist\u00e8re, que \u00ab\u00a0la plus noble expression culturelle et humaine dont nous disposons est la culture de la solidarit\u00e9 et de la r\u00e9silience, car l&rsquo;espoir rena\u00eet toujours des cendres et la vie refleurit gr\u00e2ce aux efforts de tous ceux qui ont tendu la main et ouvert leur porte \u00e0 leurs fr\u00e8res dans les moments difficiles\u00a0\u00bb.<\/p>\n","protected":false},"excerpt":{"rendered":"<p>Le minist\u00e8re de la Culture et des Arts a publi\u00e9 lundi une vid\u00e9o r\u00e9unissant un nombre d&rsquo;artistes et d&rsquo;intellectuels alg\u00e9riens, dans laquelle ils expriment leur solidarit\u00e9 et soutien \u00e0 leurs fr\u00e8res touch\u00e9s par les r\u00e9cents incendies enregistr\u00e9s dans des wilayas du centre et de l&rsquo;est du pays.D&rsquo;une voix sinc\u00e8re et [&hellip;]<\/p>\n","protected":false},"author":3,"featured_media":67666,"comment_status":"closed","ping_status":"closed","sticky":false,"template":"","format":"standard","meta":{"footnotes":""},"categories":[40],"tags":[5705],"class_list":["post-67665","post","type-post","status-publish","format-standard","has-post-thumbnail","hentry","category-culture","tag-incendies"],"_links":{"self":[{"href":"https:\/\/alger16.dz\/index.php?rest_route=\/wp\/v2\/posts\/67665","targetHints":{"allow":["GET"]}}],"collection":[{"href":"https:\/\/alger16.dz\/index.php?rest_route=\/wp\/v2\/posts"}],"about":[{"href":"https:\/\/alger16.dz\/index.php?rest_route=\/wp\/v2\/types\/post"}],"author":[{"embeddable":true,"href":"https:\/\/alger16.dz\/index.php?rest_route=\/wp\/v2\/users\/3"}],"replies":[{"embeddable":true,"href":"https:\/\/alger16.dz\/index.php?rest_route=%2Fwp%2Fv2%2Fcomments&post=67665"}],"version-history":[{"count":1,"href":"https:\/\/alger16.dz\/index.php?rest_route=\/wp\/v2\/posts\/67665\/revisions"}],"predecessor-version":[{"id":67667,"href":"https:\/\/alger16.dz\/index.php?rest_route=\/wp\/v2\/posts\/67665\/revisions\/67667"}],"wp:featuredmedia":[{"embeddable":true,"href":"https:\/\/alger16.dz\/index.php?rest_route=\/wp\/v2\/media\/67666"}],"wp:attachment":[{"href":"https:\/\/alger16.dz\/index.php?rest_route=%2Fwp%2Fv2%2Fmedia&parent=67665"}],"wp:term":[{"taxonomy":"category","embeddable":true,"href":"https:\/\/alger16.dz\/index.php?rest_route=%2Fwp%2Fv2%2Fcategories&post=67665"},{"taxonomy":"post_tag","embeddable":true,"href":"https:\/\/alger16.dz\/index.php?rest_route=%2Fwp%2Fv2%2Ftags&post=67665"}],"curies":[{"name":"wp","href":"https:\/\/api.w.org\/{rel}","templated":true}]}}