{"id":67668,"date":"2026-09-01T19:44:42","date_gmt":"2026-09-01T19:44:42","guid":{"rendered":"https:\/\/alger16.dz\/?p=67668"},"modified":"2026-09-01T19:44:42","modified_gmt":"2026-09-01T19:44:42","slug":"metro-dalger-retour-aux-horaires-habituels-des-mardi-2","status":"publish","type":"post","link":"https:\/\/alger16.dz\/?p=67668","title":{"rendered":"M\u00e9tro d\u2019Alger : Retour aux horaires habituels d\u00e8s mardi"},"content":{"rendered":"\n<figure class=\"wp-block-image size-large\"><img loading=\"lazy\" decoding=\"async\" width=\"1024\" height=\"682\" src=\"https:\/\/alger16.dz\/wp-content\/uploads\/2026\/09\/metro-dalger-1024x682.webp\" alt=\"\" class=\"wp-image-67669\" srcset=\"https:\/\/alger16.dz\/wp-content\/uploads\/2026\/09\/metro-dalger-1024x682.webp 1024w, https:\/\/alger16.dz\/wp-content\/uploads\/2026\/09\/metro-dalger-300x200.webp 300w, https:\/\/alger16.dz\/wp-content\/uploads\/2026\/09\/metro-dalger-767x511.webp 767w, https:\/\/alger16.dz\/wp-content\/uploads\/2026\/09\/metro-dalger.webp 1200w\" sizes=\"auto, (max-width: 1024px) 100vw, 1024px\" \/><\/figure>\n\n\n\n<p class=\"wp-block-paragraph\">La Soci\u00e9t\u00e9 d\u2019exploitation du M\u00e9tro d\u2019Alger (SEMA) a annonc\u00e9 le retour aux horaires habituels d\u2019exploitation du m\u00e9tro \u00e0 compter du 1er septembre, en pr\u00e9vision de la rentr\u00e9e sociale.<br>Selon un communiqu\u00e9 de la soci\u00e9t\u00e9, le service sera assur\u00e9 quotidiennement de 05h00 \u00e0 22h00 \u00e0 partir de mardi.<br>Cette mesure intervient \u00e0 l\u2019issue du dispositif horaire exceptionnel mis en place durant la saison estivale, qui avait permis d\u2019adapter les horaires \u00e0 l\u2019intensification des d\u00e9placements et \u00e0 la hausse de la fr\u00e9quentation du m\u00e9tro.<br>Durant cette p\u00e9riode, le service \u00e9tait prolong\u00e9 jusqu\u2019\u00e0 23h00 tous les jours, avec une extension exceptionnelle jusqu\u2019\u00e0 minuit (00h00) le week-end.<br>Ces horaires prolong\u00e9s avaient pour objectif de r\u00e9pondre aux besoins des voyageurs et de faciliter leurs d\u00e9placements durant la saison estivale.<\/p>\n","protected":false},"excerpt":{"rendered":"<p>La Soci\u00e9t\u00e9 d\u2019exploitation du M\u00e9tro d\u2019Alger (SEMA) a annonc\u00e9 le retour aux horaires habituels d\u2019exploitation du m\u00e9tro \u00e0 compter du 1er septembre, en pr\u00e9vision de la rentr\u00e9e sociale.Selon un communiqu\u00e9 de la soci\u00e9t\u00e9, le service sera assur\u00e9 quotidiennement de 05h00 \u00e0 22h00 \u00e0 partir de mardi.Cette mesure intervient \u00e0 l\u2019issue [&hellip;]<\/p>\n","protected":false},"author":3,"featured_media":67669,"comment_status":"closed","ping_status":"closed","sticky":false,"template":"","format":"standard","meta":{"footnotes":""},"categories":[53],"tags":[1000],"class_list":["post-67668","post","type-post","status-publish","format-standard","has-post-thumbnail","hentry","category-societe","tag-metro-dalger"],"_links":{"self":[{"href":"https:\/\/alger16.dz\/index.php?rest_route=\/wp\/v2\/posts\/67668","targetHints":{"allow":["GET"]}}],"collection":[{"href":"https:\/\/alger16.dz\/index.php?rest_route=\/wp\/v2\/posts"}],"about":[{"href":"https:\/\/alger16.dz\/index.php?rest_route=\/wp\/v2\/types\/post"}],"author":[{"embeddable":true,"href":"https:\/\/alger16.dz\/index.php?rest_route=\/wp\/v2\/users\/3"}],"replies":[{"embeddable":true,"href":"https:\/\/alger16.dz\/index.php?rest_route=%2Fwp%2Fv2%2Fcomments&post=67668"}],"version-history":[{"count":1,"href":"https:\/\/alger16.dz\/index.php?rest_route=\/wp\/v2\/posts\/67668\/revisions"}],"predecessor-version":[{"id":67670,"href":"https:\/\/alger16.dz\/index.php?rest_route=\/wp\/v2\/posts\/67668\/revisions\/67670"}],"wp:featuredmedia":[{"embeddable":true,"href":"https:\/\/alger16.dz\/index.php?rest_route=\/wp\/v2\/media\/67669"}],"wp:attachment":[{"href":"https:\/\/alger16.dz\/index.php?rest_route=%2Fwp%2Fv2%2Fmedia&parent=67668"}],"wp:term":[{"taxonomy":"category","embeddable":true,"href":"https:\/\/alger16.dz\/index.php?rest_route=%2Fwp%2Fv2%2Fcategories&post=67668"},{"taxonomy":"post_tag","embeddable":true,"href":"https:\/\/alger16.dz\/index.php?rest_route=%2Fwp%2Fv2%2Ftags&post=67668"}],"curies":[{"name":"wp","href":"https:\/\/api.w.org\/{rel}","templated":true}]}}