{"id":67696,"date":"2026-09-01T20:38:34","date_gmt":"2026-09-01T20:38:34","guid":{"rendered":"https:\/\/alger16.dz\/?p=67696"},"modified":"2026-09-01T20:38:35","modified_gmt":"2026-09-01T20:38:35","slug":"criminalite-appel-a-renforcer-la-lutte","status":"publish","type":"post","link":"https:\/\/alger16.dz\/?p=67696","title":{"rendered":"Criminalit\u00e9 : Appel \u00e0 renforcer la lutte"},"content":{"rendered":"\n<figure class=\"wp-block-image size-large\"><img loading=\"lazy\" decoding=\"async\" width=\"1024\" height=\"683\" src=\"https:\/\/alger16.dz\/wp-content\/uploads\/2026\/09\/image-22-1024x683.webp\" alt=\"\" class=\"wp-image-67698\" srcset=\"https:\/\/alger16.dz\/wp-content\/uploads\/2026\/09\/image-22-1024x683.webp 1024w, https:\/\/alger16.dz\/wp-content\/uploads\/2026\/09\/image-22-300x200.webp 300w, https:\/\/alger16.dz\/wp-content\/uploads\/2026\/09\/image-22-768x512.webp 768w, https:\/\/alger16.dz\/wp-content\/uploads\/2026\/09\/image-22.webp 1080w\" sizes=\"auto, (max-width: 1024px) 100vw, 1024px\" \/><\/figure>\n\n\n\n<p class=\"wp-block-paragraph\">Le ministre de la Justice, garde des Sceaux, Lotfi Boudjemaa, a pr\u00e9sid\u00e9, lundi dernier, une r\u00e9union de travail avec les pr\u00e9sidents des Cours de justice et les procureurs g\u00e9n\u00e9raux des p\u00f4les p\u00e9naux sp\u00e9cialis\u00e9s d&rsquo;Alger, d&rsquo;Oran, de Constantine et d&rsquo;Ouargla, indique un communiqu\u00e9 du minist\u00e8re.<br>Au cours de cette r\u00e9union, tenue au si\u00e8ge du minist\u00e8re, en pr\u00e9sence de cadres de l&rsquo;administration centrale, \u00ab\u00a0il a \u00e9t\u00e9 proc\u00e9d\u00e9 \u00e0 l&rsquo;examen des questions li\u00e9es \u00e0 la politique p\u00e9nale et aux exigences de la lutte contre la criminalit\u00e9 dangereuse, notamment celle li\u00e9e \u00e0 la drogue et aux substances psychotropes sous toutes leurs formes, au crime organis\u00e9, \u00e0 la contrebande, \u00e0 la sp\u00e9culation, \u00e0 la corruption, aux infractions de change et de mouvements de capitaux, ainsi qu&rsquo;au terrorisme\u00a0\u00bb, selon le communiqu\u00e9.<br>A cette occasion, le ministre a donn\u00e9 une s\u00e9rie d&rsquo;orientations pratiques visant \u00e0 \u00ab\u00a0d\u00e9velopper les m\u00e9thodes de travail judiciaire et \u00e0 renforcer la coordination des efforts avec l&rsquo;ensemble des acteurs sur le terrain, notamment les diff\u00e9rents corps de la Police judiciaire\u00a0\u00bb, a-t-on ajout\u00e9.<br>Il a \u00e9galement exhort\u00e9 l&rsquo;ensemble des responsables concern\u00e9s \u00e0 \u00ab\u00a0faire preuve de la plus grande fermet\u00e9 dans la lutte contre ce type de criminalit\u00e9, \u00e0 travers la mobilisation de toutes les capacit\u00e9s et de tous les moyens disponibles, ainsi que la mise en \u0153uvre de l&rsquo;ensemble des instruments juridiques disponibles, au service de l&rsquo;ordre public, de la s\u00e9curit\u00e9 publique et de la protection des droits et des libert\u00e9s\u00a0\u00bb, conclut le communiqu\u00e9.<br>APS<\/p>\n","protected":false},"excerpt":{"rendered":"<p>Le ministre de la Justice, garde des Sceaux, Lotfi Boudjemaa, a pr\u00e9sid\u00e9, lundi dernier, une r\u00e9union de travail avec les pr\u00e9sidents des Cours de justice et les procureurs g\u00e9n\u00e9raux des p\u00f4les p\u00e9naux sp\u00e9cialis\u00e9s d&rsquo;Alger, d&rsquo;Oran, de Constantine et d&rsquo;Ouargla, indique un communiqu\u00e9 du minist\u00e8re.Au cours de cette r\u00e9union, tenue au [&hellip;]<\/p>\n","protected":false},"author":3,"featured_media":67698,"comment_status":"closed","ping_status":"closed","sticky":false,"template":"","format":"standard","meta":{"footnotes":""},"categories":[36],"tags":[4359],"class_list":["post-67696","post","type-post","status-publish","format-standard","has-post-thumbnail","hentry","category-actualites","tag-lutte-contre-la-criminalite"],"_links":{"self":[{"href":"https:\/\/alger16.dz\/index.php?rest_route=\/wp\/v2\/posts\/67696","targetHints":{"allow":["GET"]}}],"collection":[{"href":"https:\/\/alger16.dz\/index.php?rest_route=\/wp\/v2\/posts"}],"about":[{"href":"https:\/\/alger16.dz\/index.php?rest_route=\/wp\/v2\/types\/post"}],"author":[{"embeddable":true,"href":"https:\/\/alger16.dz\/index.php?rest_route=\/wp\/v2\/users\/3"}],"replies":[{"embeddable":true,"href":"https:\/\/alger16.dz\/index.php?rest_route=%2Fwp%2Fv2%2Fcomments&post=67696"}],"version-history":[{"count":1,"href":"https:\/\/alger16.dz\/index.php?rest_route=\/wp\/v2\/posts\/67696\/revisions"}],"predecessor-version":[{"id":67699,"href":"https:\/\/alger16.dz\/index.php?rest_route=\/wp\/v2\/posts\/67696\/revisions\/67699"}],"wp:featuredmedia":[{"embeddable":true,"href":"https:\/\/alger16.dz\/index.php?rest_route=\/wp\/v2\/media\/67698"}],"wp:attachment":[{"href":"https:\/\/alger16.dz\/index.php?rest_route=%2Fwp%2Fv2%2Fmedia&parent=67696"}],"wp:term":[{"taxonomy":"category","embeddable":true,"href":"https:\/\/alger16.dz\/index.php?rest_route=%2Fwp%2Fv2%2Fcategories&post=67696"},{"taxonomy":"post_tag","embeddable":true,"href":"https:\/\/alger16.dz\/index.php?rest_route=%2Fwp%2Fv2%2Ftags&post=67696"}],"curies":[{"name":"wp","href":"https:\/\/api.w.org\/{rel}","templated":true}]}}