{"id":67697,"date":"2026-09-01T20:45:10","date_gmt":"2026-09-01T20:45:10","guid":{"rendered":"https:\/\/alger16.dz\/?p=67697"},"modified":"2026-09-01T20:45:11","modified_gmt":"2026-09-01T20:45:11","slug":"memoire-nationale-publication-du-premier-numero-de-la-revue-nabd-el-dhakira","status":"publish","type":"post","link":"https:\/\/alger16.dz\/?p=67697","title":{"rendered":"M\u00e9moire nationale : Publication du premier num\u00e9ro de la revue Nabd El-Dhakira"},"content":{"rendered":"\n<figure class=\"wp-block-image size-large\"><img loading=\"lazy\" decoding=\"async\" width=\"1024\" height=\"576\" src=\"https:\/\/alger16.dz\/wp-content\/uploads\/2026\/09\/revue-1024x576.jpg\" alt=\"\" class=\"wp-image-67704\" srcset=\"https:\/\/alger16.dz\/wp-content\/uploads\/2026\/09\/revue-1024x576.jpg 1024w, https:\/\/alger16.dz\/wp-content\/uploads\/2026\/09\/revue-300x169.jpg 300w, https:\/\/alger16.dz\/wp-content\/uploads\/2026\/09\/revue-767x432.jpg 767w, https:\/\/alger16.dz\/wp-content\/uploads\/2026\/09\/revue.jpg 1080w\" sizes=\"auto, (max-width: 1024px) 100vw, 1024px\" \/><\/figure>\n\n\n\n<p class=\"wp-block-paragraph\"><strong>Le premier num\u00e9ro du magazine Nabd El-Dhakira, destin\u00e9 \u00e0 documenter les r\u00e9alisations des h\u00e9ros de la vaillante Guerre de lib\u00e9ration et \u00e0 favoriser les efforts visant \u00e0 sauvegarder l&rsquo;h\u00e9ritage historique et \u00e0 le partager avec les g\u00e9n\u00e9rations \u00e0 venir, a \u00e9t\u00e9 publi\u00e9 par le minist\u00e8re des Moudjahidine et des Ayants droit.<\/strong><\/p>\n\n\n\n<p class=\"wp-block-paragraph\">Le minist\u00e8re a annonc\u00e9 que le lancement de cette revue s&rsquo;inscrit dans le cadre du plan d&rsquo;action du secteur, conform\u00e9ment \u00e0 la vision \u00e9clair\u00e9e du pr\u00e9sident de la R\u00e9publique, M. Abdelmadjid Tebboune, et \u00e0 ses directives visant \u00e0 pr\u00e9server et \u00e0 sauvegarder la m\u00e9moire nationale, ainsi qu&rsquo;\u00e0 contribuer \u00e0 la transmission de la glorieuse histoire du pays aux g\u00e9n\u00e9rations futures.<br>Le premier num\u00e9ro, publi\u00e9 sous le slogan \u00ab Une m\u00e9moire pr\u00e9serv\u00e9e, une nation victorieuse \u00bb, s&rsquo;ouvre sur un message du pr\u00e9sident de la R\u00e9publique \u00e0 l&rsquo;occasion du 64e anniversaire de l&rsquo;ind\u00e9pendance. Dans son message, le chef de l&rsquo;\u00c9tat a affirm\u00e9 que la comm\u00e9moration de cet anniversaire t\u00e9moigne de \u00abl&rsquo;engagement \u00e0 pr\u00e9server la m\u00e9moire nationale \u00bb et rend hommage \u00ab aux sacrifices des fid\u00e8les combattants de la libert\u00e9 \u00e0 toutes les \u00e9tapes de la r\u00e9sistance, des p\u00e8res fondateurs du Mouvement national et des martyrs de la glorieuse guerre de lib\u00e9ration \u00bb.<br>Pr\u00e9server la m\u00e9moire nationale, outre le devoir de loyaut\u00e9 envers le pass\u00e9, est aussi une responsabilit\u00e9 essentielle envers les g\u00e9n\u00e9rations pr\u00e9sentes et futures. C&rsquo;est un h\u00e9ritage culturel et spirituel dont nous tirons le sens du sacrifice, de l&rsquo;unit\u00e9 et de la fiert\u00e9 nationale. Ces mots et ces sens ont \u00e9t\u00e9 \u00e9crits dans l&rsquo;\u00e9ditorial de ce num\u00e9ro au nom du ministre des Moudjahidine et des Ayants droit, Abdelmalek Tacherift.<br>Il a pr\u00e9cis\u00e9 que la revue Nabd al-Dhakira (La M\u00e9moire de la Nation) aspire \u00e0 \u00eatre une \u00ab plateforme m\u00e9diatique et culturelle \u00bb illustrant l&rsquo;objectif du minist\u00e8re de conserver la m\u00e9moire nationale, en hommage aux sacrifices des hommes et des femmes qui ont construit la grandeur de l&rsquo;Alg\u00e9rie gr\u00e2ce \u00e0 une foi in\u00e9branlable et \u00e0 une t\u00e9nacit\u00e9 in\u00e9branlable dans la lutte.<br>\u00c0 travers ce num\u00e9ro de 96 pages, le minist\u00e8re entend promouvoir la glorieuse histoire de l&rsquo;Alg\u00e9rie et diffuser des informations sur les diff\u00e9rents efforts et initiatives visant \u00e0 pr\u00e9server et \u00e0 transmettre le patrimoine historique aux g\u00e9n\u00e9rations \u00e0 venir.<br>Ce premier num\u00e9ro comprend plusieurs articles consacr\u00e9s \u00e0 la m\u00e9moire nationale, y compris \u00ab La R\u00e9volution alg\u00e9rienne \u00e0 travers le regard des Grands \u00bb, \u00ab Le massacre de Sakiet Sidi Youssef : un crime contre l&rsquo;humanit\u00e9 et un t\u00e9moignage de l&rsquo;horreur du visage colonial de la France \u00bb et \u00ab Les massacres du 8 Mai 1945 \u00e0 travers les archives fran\u00e7aises : \u00e9tude des m\u00e9canismes de documentation et d&rsquo;occultation \u00bb. On y trouve \u00e9galement un article d\u00e9di\u00e9 \u00e0 Djamila Bouhired, figure embl\u00e9matique et symbole de fiert\u00e9 et de lutte pour l&rsquo;Alg\u00e9rie.<br>La revue revient aussi sur le serment d&rsquo;all\u00e9geance \u00e0 l&rsquo;\u00e9mir Abdelkader en f\u00e9vrier 1833, sur les amis de la R\u00e9volution et sur les t\u00e9moignages directs des moudjahidine durant la glorieuse Guerre de lib\u00e9ration.<br>Abir Menasria<\/p>\n","protected":false},"excerpt":{"rendered":"<p>Le premier num\u00e9ro du magazine Nabd El-Dhakira, destin\u00e9 \u00e0 documenter les r\u00e9alisations des h\u00e9ros de la vaillante Guerre de lib\u00e9ration et \u00e0 favoriser les efforts visant \u00e0 sauvegarder l&rsquo;h\u00e9ritage historique et \u00e0 le partager avec les g\u00e9n\u00e9rations \u00e0 venir, a \u00e9t\u00e9 publi\u00e9 par le minist\u00e8re des Moudjahidine et des Ayants [&hellip;]<\/p>\n","protected":false},"author":3,"featured_media":67704,"comment_status":"closed","ping_status":"closed","sticky":false,"template":"","format":"standard","meta":{"footnotes":""},"categories":[36],"tags":[],"class_list":["post-67697","post","type-post","status-publish","format-standard","has-post-thumbnail","hentry","category-actualites"],"_links":{"self":[{"href":"https:\/\/alger16.dz\/index.php?rest_route=\/wp\/v2\/posts\/67697","targetHints":{"allow":["GET"]}}],"collection":[{"href":"https:\/\/alger16.dz\/index.php?rest_route=\/wp\/v2\/posts"}],"about":[{"href":"https:\/\/alger16.dz\/index.php?rest_route=\/wp\/v2\/types\/post"}],"author":[{"embeddable":true,"href":"https:\/\/alger16.dz\/index.php?rest_route=\/wp\/v2\/users\/3"}],"replies":[{"embeddable":true,"href":"https:\/\/alger16.dz\/index.php?rest_route=%2Fwp%2Fv2%2Fcomments&post=67697"}],"version-history":[{"count":1,"href":"https:\/\/alger16.dz\/index.php?rest_route=\/wp\/v2\/posts\/67697\/revisions"}],"predecessor-version":[{"id":67705,"href":"https:\/\/alger16.dz\/index.php?rest_route=\/wp\/v2\/posts\/67697\/revisions\/67705"}],"wp:featuredmedia":[{"embeddable":true,"href":"https:\/\/alger16.dz\/index.php?rest_route=\/wp\/v2\/media\/67704"}],"wp:attachment":[{"href":"https:\/\/alger16.dz\/index.php?rest_route=%2Fwp%2Fv2%2Fmedia&parent=67697"}],"wp:term":[{"taxonomy":"category","embeddable":true,"href":"https:\/\/alger16.dz\/index.php?rest_route=%2Fwp%2Fv2%2Fcategories&post=67697"},{"taxonomy":"post_tag","embeddable":true,"href":"https:\/\/alger16.dz\/index.php?rest_route=%2Fwp%2Fv2%2Ftags&post=67697"}],"curies":[{"name":"wp","href":"https:\/\/api.w.org\/{rel}","templated":true}]}}