{"id":67700,"date":"2026-09-01T20:42:47","date_gmt":"2026-09-01T20:42:47","guid":{"rendered":"https:\/\/alger16.dz\/?p=67700"},"modified":"2026-09-01T20:42:48","modified_gmt":"2026-09-01T20:42:48","slug":"elections-locales-du-28-novembre-le-president-de-lanie-installe-29-coordinateurs-de-wilaya","status":"publish","type":"post","link":"https:\/\/alger16.dz\/?p=67700","title":{"rendered":"Elections locales du 28 novembre : le pr\u00e9sident de l\u2019ANIE installe 29 coordinateurs de wilaya"},"content":{"rendered":"\n<figure class=\"wp-block-image size-full\"><img loading=\"lazy\" decoding=\"async\" width=\"1001\" height=\"584\" src=\"https:\/\/alger16.dz\/wp-content\/uploads\/2026\/09\/anie.jpg\" alt=\"\" class=\"wp-image-67701\" srcset=\"https:\/\/alger16.dz\/wp-content\/uploads\/2026\/09\/anie.jpg 1001w, https:\/\/alger16.dz\/wp-content\/uploads\/2026\/09\/anie-300x175.jpg 300w, https:\/\/alger16.dz\/wp-content\/uploads\/2026\/09\/anie-768x448.jpg 768w\" sizes=\"auto, (max-width: 1001px) 100vw, 1001px\" \/><\/figure>\n\n\n\n<p class=\"wp-block-paragraph\">En pr\u00e9vision des \u00e9lections locales du 28 novembre prochain, consacr\u00e9es au renouvellement des Assembl\u00e9es populaires communales (APC) et de wilayas (APW), le pr\u00e9sident de l\u2019Autorit\u00e9 nationale ind\u00e9pendante des \u00e9lections (ANIE), Saad Arous, a proc\u00e9d\u00e9, lundi, \u00e0 l\u2019installation de 29 coordinateurs de wilaya.<br>Cette op\u00e9ration qui s\u2019est tenue par visioconf\u00e9rence s\u2019inscrit dans le cadre des pr\u00e9paratifs du prochain scrutin et intervient apr\u00e8s la convocation du corps \u00e9lectoral, conform\u00e9ment \u00e0 l\u2019article 30 de la loi organique relative au r\u00e9gime \u00e9lectoral, modifi\u00e9e et compl\u00e9t\u00e9e.<br>La s\u00e9rie d\u2019installations a concern\u00e9 les coordinateurs des wilayas de Chlef, Laghouat, Jijel, Skikda, Sidi Bel Abb\u00e8s, Annaba, Guelma, Constantine, M\u00e9d\u00e9a, Mostaganem, Ouargla, Oran, Boumerd\u00e8s, El Oued, Tipasa, Mila, A\u00efn Defla, Na\u00e2ma, Relizane, ainsi que ceux de Messad et Bou Sa\u00e2da.<br>\u00c0 cette occasion, M. Arous a soulign\u00e9 le r\u00f4le de ces coordinateurs dans l\u2019optimisation de la pr\u00e9paration de l\u2019ANIE et le bon d\u00e9roulement du scrutin. Il leur a rappel\u00e9 l\u2019imp\u00e9ratif de respecter les principes de neutralit\u00e9, d\u2019int\u00e9grit\u00e9 et de conformit\u00e9 \u00e0 la loi.<br>Le pr\u00e9sident de l\u2019ANIE les a \u00e9galement appel\u00e9s \u00e0 faire preuve de rigueur et \u00e0 travailler en \u00e9troite coordination avec les diff\u00e9rents acteurs du processus \u00e9lectoral afin de garantir le bon d\u00e9roulement de cette \u00e9ch\u00e9ance.<br>Cette installation constitue ainsi une nouvelle \u00e9tape dans le dispositif de pr\u00e9paration du prochain scrutin, avec l\u2019objectif d\u2019assurer un processus \u00e9lectoral organis\u00e9, transparent et conforme aux dispositions l\u00e9gales.<br>Zineb Bouzid<\/p>\n","protected":false},"excerpt":{"rendered":"<p>En pr\u00e9vision des \u00e9lections locales du 28 novembre prochain, consacr\u00e9es au renouvellement des Assembl\u00e9es populaires communales (APC) et de wilayas (APW), le pr\u00e9sident de l\u2019Autorit\u00e9 nationale ind\u00e9pendante des \u00e9lections (ANIE), Saad Arous, a proc\u00e9d\u00e9, lundi, \u00e0 l\u2019installation de 29 coordinateurs de wilaya.Cette op\u00e9ration qui s\u2019est tenue par visioconf\u00e9rence s\u2019inscrit dans [&hellip;]<\/p>\n","protected":false},"author":3,"featured_media":67701,"comment_status":"closed","ping_status":"closed","sticky":false,"template":"","format":"standard","meta":{"footnotes":""},"categories":[36],"tags":[935],"class_list":["post-67700","post","type-post","status-publish","format-standard","has-post-thumbnail","hentry","category-actualites","tag-anie"],"_links":{"self":[{"href":"https:\/\/alger16.dz\/index.php?rest_route=\/wp\/v2\/posts\/67700","targetHints":{"allow":["GET"]}}],"collection":[{"href":"https:\/\/alger16.dz\/index.php?rest_route=\/wp\/v2\/posts"}],"about":[{"href":"https:\/\/alger16.dz\/index.php?rest_route=\/wp\/v2\/types\/post"}],"author":[{"embeddable":true,"href":"https:\/\/alger16.dz\/index.php?rest_route=\/wp\/v2\/users\/3"}],"replies":[{"embeddable":true,"href":"https:\/\/alger16.dz\/index.php?rest_route=%2Fwp%2Fv2%2Fcomments&post=67700"}],"version-history":[{"count":1,"href":"https:\/\/alger16.dz\/index.php?rest_route=\/wp\/v2\/posts\/67700\/revisions"}],"predecessor-version":[{"id":67702,"href":"https:\/\/alger16.dz\/index.php?rest_route=\/wp\/v2\/posts\/67700\/revisions\/67702"}],"wp:featuredmedia":[{"embeddable":true,"href":"https:\/\/alger16.dz\/index.php?rest_route=\/wp\/v2\/media\/67701"}],"wp:attachment":[{"href":"https:\/\/alger16.dz\/index.php?rest_route=%2Fwp%2Fv2%2Fmedia&parent=67700"}],"wp:term":[{"taxonomy":"category","embeddable":true,"href":"https:\/\/alger16.dz\/index.php?rest_route=%2Fwp%2Fv2%2Fcategories&post=67700"},{"taxonomy":"post_tag","embeddable":true,"href":"https:\/\/alger16.dz\/index.php?rest_route=%2Fwp%2Fv2%2Ftags&post=67700"}],"curies":[{"name":"wp","href":"https:\/\/api.w.org\/{rel}","templated":true}]}}