{"id":67706,"date":"2026-09-01T20:47:17","date_gmt":"2026-09-01T20:47:17","guid":{"rendered":"https:\/\/alger16.dz\/?p=67706"},"modified":"2026-09-01T20:47:18","modified_gmt":"2026-09-01T20:47:18","slug":"importations-le-ministere-dement-les-accusations-de-blocage","status":"publish","type":"post","link":"https:\/\/alger16.dz\/?p=67706","title":{"rendered":"Importations : le minist\u00e8re d\u00e9ment les accusations de blocage"},"content":{"rendered":"\n<figure class=\"wp-block-image size-full\"><img loading=\"lazy\" decoding=\"async\" width=\"576\" height=\"303\" src=\"https:\/\/alger16.dz\/wp-content\/uploads\/2026\/09\/import.jpg\" alt=\"\" class=\"wp-image-67707\" srcset=\"https:\/\/alger16.dz\/wp-content\/uploads\/2026\/09\/import.jpg 576w, https:\/\/alger16.dz\/wp-content\/uploads\/2026\/09\/import-300x158.jpg 300w\" sizes=\"auto, (max-width: 576px) 100vw, 576px\" \/><\/figure>\n\n\n\n<p class=\"wp-block-paragraph\">Un programme portant sur 10.522 pi\u00e8ces de rechange, une demande de modification rest\u00e9e sans r\u00e9ponse et un dossier toujours \u00e0 l\u2019\u00e9tude : le minist\u00e8re du Commerce ext\u00e9rieur et de la Promotion des exportations a apport\u00e9, lundi dernier dans un communiqu\u00e9, des pr\u00e9cisions sur le dossier de l\u2019entreprise Benbellat, apr\u00e8s la diffusion d\u2019une vid\u00e9o d\u00e9non\u00e7ant un retard dans l\u2019octroi d\u2019un visa d\u2019importation.<br>L\u2019affaire a commenc\u00e9 par une vid\u00e9o diffus\u00e9e sur les r\u00e9seaux sociaux. Le g\u00e9rant de l\u2019entreprise priv\u00e9e Benbellat, sp\u00e9cialis\u00e9e dans la production d\u2019eau min\u00e9rale, y faisait part de ses pr\u00e9occupations concernant ce qu\u2019il a qualifi\u00e9 de \u00ab retard dans l&rsquo;obtention du visa du programme pr\u00e9visionnel d&rsquo;importation de pi\u00e8ces de rechange pour le deuxi\u00e8me semestre de l&rsquo;ann\u00e9e 2026 \u00bb.<br>Face \u00e0 ces d\u00e9clarations, le minist\u00e8re du Commerce ext\u00e9rieur et de la Promotion des exportations a d\u00e9cid\u00e9 de r\u00e9agir en d\u00e9taillant les \u00e9l\u00e9ments enregistr\u00e9s dans ses services. Il a ainsi \u00abcat\u00e9goriquement rejet\u00e9 les all\u00e9gations et informations erron\u00e9es contenues dans cette vid\u00e9o, qui ne correspondent pas aux donn\u00e9es officielles enregistr\u00e9es aupr\u00e8s de ses services \u00bb. L\u2019instance a soulign\u00e9 qu&rsquo;il \u00ab se r\u00e9serve le droit d&rsquo;engager les poursuites judiciaires qu&rsquo;il juge n\u00e9cessaires contre toute partie susceptible de porter atteinte \u00e0 la r\u00e9putation du minist\u00e8re ou de diffuser des informations de nature \u00e0 induire l&rsquo;opinion publique en erreur \u00bb.<br>Au centre de la controverse se trouve donc le traitement du programme pr\u00e9visionnel d\u2019importation de l\u2019entreprise. Contrairement \u00e0 ce qui a \u00e9t\u00e9 avanc\u00e9, le dossier \u00ab n&rsquo;a \u00e9t\u00e9 ni rejet\u00e9 ni gel\u00e9 \u00bb, affirme le minist\u00e8re.<br>Selon le communiqu\u00e9, les services comp\u00e9tents ont demand\u00e9 \u00e0 l\u2019op\u00e9rateur, le 20 ao\u00fbt dernier, de modifier son programme \u00ab au vu de la nature et du volume de la demande \u00bb. Une d\u00e9marche qui, pr\u00e9cise le minist\u00e8re, n\u2019a toujours pas re\u00e7u de r\u00e9ponse de la part de l\u2019entreprise.<br>Jusqu\u2019\u00e0 la date de publication du communiqu\u00e9, l\u2019op\u00e9rateur \u00ab n&rsquo;a pas r\u00e9pondu \u00e0 la demande de modification, ce qui a emp\u00each\u00e9 la finalisation de l&rsquo;\u00e9tude du dossier et l&rsquo;octroi du visa \u00bb.<br>Le minist\u00e8re met surtout en avant l\u2019ampleur de la demande formul\u00e9e pour le second semestre 2026. Celle-ci porte sur 709 positions tarifaires, correspondant \u00e0 10.522 pi\u00e8ces de rechange.<br>Un volume qui prend davantage de relief lorsqu\u2019il est replac\u00e9 dans l\u2019historique des demandes de la m\u00eame entreprise. Le 29 janvier 2026, celle-ci avait obtenu un visa pour 300 pi\u00e8ces de rechange au titre du programme pr\u00e9visionnel du premier semestre. Elle avait auparavant b\u00e9n\u00e9fici\u00e9, le 2 ao\u00fbt 2025, d\u2019un visa portant sur 5.695 pi\u00e8ces de rechange de diff\u00e9rents types pour le second semestre de la m\u00eame ann\u00e9e.<br>Le cumul atteint ainsi 16.517 pi\u00e8ces de rechange demand\u00e9es en l\u2019espace d\u2019environ douze mois. Pour le minist\u00e8re, ce chiffre justifie une v\u00e9rification approfondie de la coh\u00e9rence entre les besoins d\u00e9clar\u00e9s et les capacit\u00e9s r\u00e9elles de l\u2019entreprise.<br>Ainsi, \u00ab l&rsquo;int\u00e9ress\u00e9 aura introduit, en l&rsquo;espace d&rsquo;\u00e0 peine 12 mois, des demandes d&rsquo;importation pour un total de 16.517 pi\u00e8ces de rechange de diff\u00e9rents types, un volume qui exige, sur le plan technique, de v\u00e9rifier l&rsquo;ad\u00e9quation de ces besoins avec la taille de l&rsquo;unit\u00e9 de production, la nature de ses \u00e9quipements et sa capacit\u00e9 de production effective \u00bb.<br>L\u2019administration appuie \u00e9galement son argument sur une comparaison avec d\u2019autres entreprises du m\u00eame secteur. Certaines disposent de plus de quatre lignes de production, tout en pr\u00e9sentant des demandes de pi\u00e8ces de rechange nettement inf\u00e9rieures.<br>Le minist\u00e8re pr\u00e9cise ainsi que \u00ab les quantit\u00e9s de pi\u00e8ces de rechange demand\u00e9es par certaines d&rsquo;entre elles ne d\u00e9passent pas le quart de la quantit\u00e9 demand\u00e9e par l&rsquo;entreprise concern\u00e9e, bien qu&rsquo;elles poss\u00e8dent des capacit\u00e9s de production plus importantes et un nombre de lignes de production sup\u00e9rieur \u00e0 celles dont dispose cette entreprise \u00bb.<br>Pour les services du minist\u00e8re, cette comparaison renforce la n\u00e9cessit\u00e9 de v\u00e9rifier le programme pr\u00e9sent\u00e9 par Benbellat. Les donn\u00e9es techniques disponibles \u00ab ne refl\u00e8tent pas l&rsquo;existence d&rsquo;une unit\u00e9 de production dont la taille et les capacit\u00e9s d&rsquo;exploitation justifieraient, en apparence, ce volume \u00e9lev\u00e9 de demandes de pi\u00e8ces de rechange \u00bb.<br>Le dossier a donc \u00e9t\u00e9 soumis \u00e0 un examen approfondi, avec une demande de modification adress\u00e9e \u00e0 l\u2019op\u00e9rateur. Le minist\u00e8re insiste sur ce point : cette d\u00e9marche ne constitue pas un rejet du programme et ne vise pas, selon lui, \u00e0 entraver l\u2019activit\u00e9 de l\u2019entreprise.<br>\u00c0 travers ce communiqu\u00e9, le minist\u00e8re cherche ainsi \u00e0 replacer le d\u00e9bat sur le terrain des donn\u00e9es et des documents officiels enregistr\u00e9s via la plateforme num\u00e9rique.<br>G. Salah Eddine<\/p>\n","protected":false},"excerpt":{"rendered":"<p>Un programme portant sur 10.522 pi\u00e8ces de rechange, une demande de modification rest\u00e9e sans r\u00e9ponse et un dossier toujours \u00e0 l\u2019\u00e9tude : le minist\u00e8re du Commerce ext\u00e9rieur et de la Promotion des exportations a apport\u00e9, lundi dernier dans un communiqu\u00e9, des pr\u00e9cisions sur le dossier de l\u2019entreprise Benbellat, apr\u00e8s la [&hellip;]<\/p>\n","protected":false},"author":3,"featured_media":67707,"comment_status":"closed","ping_status":"closed","sticky":false,"template":"","format":"standard","meta":{"footnotes":""},"categories":[36],"tags":[401],"class_list":["post-67706","post","type-post","status-publish","format-standard","has-post-thumbnail","hentry","category-actualites","tag-importation"],"_links":{"self":[{"href":"https:\/\/alger16.dz\/index.php?rest_route=\/wp\/v2\/posts\/67706","targetHints":{"allow":["GET"]}}],"collection":[{"href":"https:\/\/alger16.dz\/index.php?rest_route=\/wp\/v2\/posts"}],"about":[{"href":"https:\/\/alger16.dz\/index.php?rest_route=\/wp\/v2\/types\/post"}],"author":[{"embeddable":true,"href":"https:\/\/alger16.dz\/index.php?rest_route=\/wp\/v2\/users\/3"}],"replies":[{"embeddable":true,"href":"https:\/\/alger16.dz\/index.php?rest_route=%2Fwp%2Fv2%2Fcomments&post=67706"}],"version-history":[{"count":1,"href":"https:\/\/alger16.dz\/index.php?rest_route=\/wp\/v2\/posts\/67706\/revisions"}],"predecessor-version":[{"id":67708,"href":"https:\/\/alger16.dz\/index.php?rest_route=\/wp\/v2\/posts\/67706\/revisions\/67708"}],"wp:featuredmedia":[{"embeddable":true,"href":"https:\/\/alger16.dz\/index.php?rest_route=\/wp\/v2\/media\/67707"}],"wp:attachment":[{"href":"https:\/\/alger16.dz\/index.php?rest_route=%2Fwp%2Fv2%2Fmedia&parent=67706"}],"wp:term":[{"taxonomy":"category","embeddable":true,"href":"https:\/\/alger16.dz\/index.php?rest_route=%2Fwp%2Fv2%2Fcategories&post=67706"},{"taxonomy":"post_tag","embeddable":true,"href":"https:\/\/alger16.dz\/index.php?rest_route=%2Fwp%2Fv2%2Ftags&post=67706"}],"curies":[{"name":"wp","href":"https:\/\/api.w.org\/{rel}","templated":true}]}}