{"id":67742,"date":"2026-09-02T12:56:41","date_gmt":"2026-09-02T12:56:41","guid":{"rendered":"https:\/\/alger16.dz\/?p=67742"},"modified":"2026-09-02T12:56:42","modified_gmt":"2026-09-02T12:56:42","slug":"le-president-de-la-republique-nomme-farid-kourtel-ministre-de-lindustrie-et-faouzia-naama-ministre-deleguee-chargee-des-collectivites-locales","status":"publish","type":"post","link":"https:\/\/alger16.dz\/?p=67742","title":{"rendered":"Le pr\u00e9sident de la R\u00e9publique nomme Farid Kourtel, ministre de l\u2019Industrie et Faouzia Na\u00e2ma, ministre d\u00e9l\u00e9gu\u00e9e charg\u00e9e des Collectivit\u00e9s locales"},"content":{"rendered":"\n<p class=\"wp-block-paragraph\"><strong>Le pr\u00e9sident de la R\u00e9publique, M. Abdelmadjid Tebboune, chef supr\u00eame des Forces arm\u00e9es et ministre de la D\u00e9fense nationale, a nomm\u00e9 ce mercredi M. Farid Kourtel ministre de l\u2019Industrie, ainsi que Mme Faouzia Na\u00e2ma ministre d\u00e9l\u00e9gu\u00e9e charg\u00e9e des Collectivit\u00e9s locales aupr\u00e8s du ministre de l\u2019Int\u00e9rieur, des Collectivit\u00e9s locales et des Transports, indique un communiqu\u00e9 de la pr\u00e9sidence de la R\u00e9publique.<\/strong><\/p>\n","protected":false},"excerpt":{"rendered":"<p>Le pr\u00e9sident de la R\u00e9publique, M. Abdelmadjid Tebboune, chef supr\u00eame des Forces arm\u00e9es et ministre de la D\u00e9fense nationale, a nomm\u00e9 ce mercredi M. Farid Kourtel ministre de l\u2019Industrie, ainsi que Mme Faouzia Na\u00e2ma ministre d\u00e9l\u00e9gu\u00e9e charg\u00e9e des Collectivit\u00e9s locales aupr\u00e8s du ministre de l\u2019Int\u00e9rieur, des Collectivit\u00e9s locales et des [&hellip;]<\/p>\n","protected":false},"author":3,"featured_media":67743,"comment_status":"open","ping_status":"open","sticky":false,"template":"","format":"standard","meta":{"footnotes":""},"categories":[236,36,63,53],"tags":[],"class_list":["post-67742","post","type-post","status-publish","format-standard","has-post-thumbnail","hentry","category-a-la-une","category-actualites","category-economie","category-societe"],"_links":{"self":[{"href":"https:\/\/alger16.dz\/index.php?rest_route=\/wp\/v2\/posts\/67742","targetHints":{"allow":["GET"]}}],"collection":[{"href":"https:\/\/alger16.dz\/index.php?rest_route=\/wp\/v2\/posts"}],"about":[{"href":"https:\/\/alger16.dz\/index.php?rest_route=\/wp\/v2\/types\/post"}],"author":[{"embeddable":true,"href":"https:\/\/alger16.dz\/index.php?rest_route=\/wp\/v2\/users\/3"}],"replies":[{"embeddable":true,"href":"https:\/\/alger16.dz\/index.php?rest_route=%2Fwp%2Fv2%2Fcomments&post=67742"}],"version-history":[{"count":1,"href":"https:\/\/alger16.dz\/index.php?rest_route=\/wp\/v2\/posts\/67742\/revisions"}],"predecessor-version":[{"id":67744,"href":"https:\/\/alger16.dz\/index.php?rest_route=\/wp\/v2\/posts\/67742\/revisions\/67744"}],"wp:featuredmedia":[{"embeddable":true,"href":"https:\/\/alger16.dz\/index.php?rest_route=\/wp\/v2\/media\/67743"}],"wp:attachment":[{"href":"https:\/\/alger16.dz\/index.php?rest_route=%2Fwp%2Fv2%2Fmedia&parent=67742"}],"wp:term":[{"taxonomy":"category","embeddable":true,"href":"https:\/\/alger16.dz\/index.php?rest_route=%2Fwp%2Fv2%2Fcategories&post=67742"},{"taxonomy":"post_tag","embeddable":true,"href":"https:\/\/alger16.dz\/index.php?rest_route=%2Fwp%2Fv2%2Ftags&post=67742"}],"curies":[{"name":"wp","href":"https:\/\/api.w.org\/{rel}","templated":true}]}}