{"id":67771,"date":"2026-09-02T21:58:27","date_gmt":"2026-09-02T21:58:27","guid":{"rendered":"https:\/\/alger16.dz\/?p=67771"},"modified":"2026-09-02T22:59:40","modified_gmt":"2026-09-02T22:59:40","slug":"dommages-causes-par-les-incendies-levaluation-des-degats-et-de-la-reparation-se-poursuit","status":"publish","type":"post","link":"https:\/\/alger16.dz\/?p=67771","title":{"rendered":"Dommages caus\u00e9s par les incendies : l\u2019\u00e9valuation des d\u00e9g\u00e2ts et de la r\u00e9paration se poursuit"},"content":{"rendered":"\n<figure class=\"wp-block-image size-full\"><img loading=\"lazy\" decoding=\"async\" width=\"480\" height=\"345\" src=\"https:\/\/alger16.dz\/wp-content\/uploads\/2026\/09\/recens.jpg\" alt=\"\" class=\"wp-image-67785\" srcset=\"https:\/\/alger16.dz\/wp-content\/uploads\/2026\/09\/recens.jpg 480w, https:\/\/alger16.dz\/wp-content\/uploads\/2026\/09\/recens-300x216.jpg 300w\" sizes=\"auto, (max-width: 480px) 100vw, 480px\" \/><\/figure>\n\n\n\n<p class=\"wp-block-paragraph\"><strong>Les autorit\u00e9s publiques comp\u00e9tentes de la wilaya de Jijel demeurent pleinement mobilis\u00e9es pour \u00e9valuer les pr\u00e9judices caus\u00e9s par les r\u00e9cents incendies et intervenir rapidement afin de r\u00e9parer les dommages enregistr\u00e9s. Plus de 60 \u00e9quipes techniques s\u2019emploient \u00e0 \u00e9valuer l\u2019\u00e9tendue des d\u00e9g\u00e2ts caus\u00e9s aux habitations, selon la cellule de crise mise en place dans la wilaya.<\/strong><\/p>\n\n\n\n<p class=\"wp-block-paragraph\">Ces \u00e9quipes, compos\u00e9es de techniciens, d\u2019ing\u00e9nieurs et d\u2019experts, proc\u00e8dent \u00e0 des inspections approfondies afin de d\u00e9terminer avec pr\u00e9cision l\u2019\u00e9tat des maisons endommag\u00e9es. Leurs rapports seront remis d\u2019ici la fin de la semaine, afin que les mesures n\u00e9cessaires puissent \u00eatre prises dans les meilleurs d\u00e9lais.<br>Dans le secteur de l\u2019\u00e9ducation, 23 \u00e9tablissements scolaires, dont 20 \u00e9coles primaires et trois coll\u00e8ges, ont \u00e9t\u00e9 endommag\u00e9s par les incendies, subissant des d\u00e9g\u00e2ts d\u2019ampleur variable, a d\u00e9clar\u00e9 Saad Kessira, directeur de l\u2019\u00e9ducation de la wilaya, \u00e0 l\u2019agence de presse.<br>Le m\u00eame responsable a expliqu\u00e9 qu\u2019une cellule technique a \u00e9t\u00e9 constitu\u00e9e pour \u00abexaminer et suivre \u00bb l\u2019\u00e9tat g\u00e9n\u00e9ral des \u00e9tablissements scolaires dans toutes les communes touch\u00e9es. L\u2019objectif est de diagnostiquer pr\u00e9cis\u00e9ment les d\u00e9g\u00e2ts et d\u2019\u00e9tablir les sp\u00e9cifications techniques n\u00e9cessaires avant de proc\u00e9der aux op\u00e9rations de r\u00e9habilitation, de r\u00e9paration et de remplacement du mobilier scolaire, \u00ab afin que les \u00e9l\u00e8ves puissent r\u00e9int\u00e9grer leurs \u00e9coles r\u00e9nov\u00e9es \u00e0 la rentr\u00e9e prochaine \u00bb.<br>Dans le m\u00eame cadre, M. Kessira a annonc\u00e9 la mise en \u0153uvre de plusieurs mesures, dont le recensement des enfants issus de familles touch\u00e9es par les incendies et la mise en place d\u2019un soutien psychologique au profit des \u00e9l\u00e8ves bless\u00e9s et hospitalis\u00e9s.<br>Dans ce sens, la Direction de la sant\u00e9 et de la population (DSP) a mobilis\u00e9 trois h\u00f4pitaux, \u00e0 Jijel, El Tarf et El Milia, ainsi que l\u2019ensemble des dispensaires, avec leur personnel m\u00e9dical et param\u00e9dical, afin de venir en aide aux bless\u00e9s et de leur prodiguer les soins n\u00e9cessaires.<br>Sabah Laouabi, directrice de l\u2019\u00c9tablissement public hospitalier (EPH) Mohamed-Seddik-Benyahia de Jijel, a indiqu\u00e9 qu\u2019un dispositif d\u2019intervention avait \u00e9t\u00e9 \u00e9labor\u00e9 afin de prendre en charge les bless\u00e9s et de leur assurer les soins requis. Cet EPH a \u00e9galement pris l\u2019initiative d\u2019organiser une caravane m\u00e9dicale de solidarit\u00e9, baptis\u00e9e \u00ab Rana h\u2019na \u00bb (Nous sommes l\u00e0), compos\u00e9e de m\u00e9decins, de professionnels param\u00e9dicaux et de psychologues, qui sillonnera les r\u00e9gions touch\u00e9es.<br>De son c\u00f4t\u00e9, Benmadani Mohamed Arafat, directeur de l\u2019\u00c9tablissement hospitalier sp\u00e9cialis\u00e9 (EHS) de r\u00e9\u00e9ducation fonctionnelle de Texenna, a indiqu\u00e9 qu\u2019une caravane m\u00e9dicale \u00e9tait partie, hier, pour visiter plusieurs villages de la commune, effectuer des examens m\u00e9dicaux et apporter soins et soutien aux personnes sinistr\u00e9es.<br>La Direction des services agricoles (DSA), en coordination avec plusieurs associations professionnelles et des particuliers, a distribu\u00e9 des aliments pour animaux aux \u00e9leveurs des zones touch\u00e9es des communes de Sidi Maarouf, Texenna, Chekfa, El Milia, Oudjana, Bordj Tahar et El Ancer. Cette initiative s\u2019inscrit dans un \u00e9lan de solidarit\u00e9 envers les \u00e9leveurs affect\u00e9s par les incendies.<br>Par ailleurs, plusieurs grossistes en produits pharmaceutiques et v\u00e9t\u00e9rinaires ont apport\u00e9 un soutien pr\u00e9cieux aux \u00e9leveurs. Un v\u00e9t\u00e9rinaire b\u00e9n\u00e9vole a \u00e9galement examin\u00e9 les animaux et leur a prodigu\u00e9 les soins n\u00e9cessaires.<br>Abdelali Allab, charg\u00e9 de communication de la DSA, a d\u00e9clar\u00e9 que toutes les commissions form\u00e9es apr\u00e8s les incendies avaient commenc\u00e9 leur travail sur le terrain afin d\u2019\u00e9valuer les pertes de b\u00e9tail. Les \u00e9leveurs concern\u00e9s ont, pour leur part, remis leurs d\u00e9clarations, ainsi que les rapports \u00e9crits n\u00e9cessaires.<br>En tout cas, ces incendies, malgr\u00e9 leur horreur, ont prouv\u00e9 qu&rsquo;un pays n&rsquo;a d&rsquo;autre recours que son peuple et que le peuple n&rsquo;a d&rsquo;autre recours que son \u00c9tat. Dans l&rsquo;adversit\u00e9, ils ont renforc\u00e9 leurs liens. Avec une rapidit\u00e9 fulgurante, ils ont r\u00e9pondu \u00e0 l&rsquo;appel et se sont soutenus mutuellement dans des sc\u00e8nes poignantes. Des jours sans sommeil, sans nourriture, jusqu&rsquo;\u00e0 ce que leurs larmes submergent la sc\u00e8ne.<br>Quelle que soit la nature de ce drame, le plus important est que l&rsquo;Alg\u00e9rie a rev\u00eatu le bouclier protecteur de son peuple. Certes, les pertes humaines sont irr\u00e9parables, mais tant que le drapeau alg\u00e9rien flottera haut, l&rsquo;Alg\u00e9rie restera une m\u00e8re et un pilier de soutien.<\/p>\n\n\n\n<p class=\"wp-block-paragraph\"><strong>Plusieurs r\u00e9gions dans la wilaya de Bouira<br><\/strong>Lanc\u00e9 par les autorit\u00e9s locales avec la participation de diff\u00e9rents secteurs, le processus de recensement et d\u2019\u00e9valuation des d\u00e9g\u00e2ts caus\u00e9s par les incendies qui ont touch\u00e9 plusieurs r\u00e9gions de la wilaya de B\u00e9ja\u00efa enregistre des progr\u00e8s \u00ab\u00a0notables\u00a0\u00bb, selon les informations recueillies, mardi dernier, aupr\u00e8s des services de la wilaya.<br>Cette op\u00e9ration, pour laquelle tous les moyens humains et logistiques n\u00e9cessaires ont \u00e9t\u00e9 mobilis\u00e9s, s\u2019inscrit dans le cadre de la mise en \u0153uvre des instructions et directives du pr\u00e9sident de la R\u00e9publique, M. Abdelmadjid Tebboune, donn\u00e9es lors de la r\u00e9union qu\u2019il a pr\u00e9sid\u00e9e, dimanche dernier, consacr\u00e9e \u00e0 la prise des mesures n\u00e9cessaires pour faire face aux cons\u00e9quences et dommages caus\u00e9s par les r\u00e9cents incendies.<br>Les services de la wilaya ont pr\u00e9cis\u00e9 que les commissions charg\u00e9es de cette op\u00e9ration poursuivent leur travail sur le terrain afin de recenser et d\u2019\u00e9valuer les pertes enregistr\u00e9es, notamment celles concernant les habitations, le mobilier, les appareils \u00e9lectrom\u00e9nagers, les cultures, les arbres fruitiers et les ruches, ainsi que le b\u00e9tail.<br>Pour sa part, le secr\u00e9taire g\u00e9n\u00e9ral charg\u00e9 de la gestion des affaires de la wilaya de B\u00e9ja\u00efa, Sa\u00efd Yahiaoui, a r\u00e9affirm\u00e9, lors d\u2019une visite effectu\u00e9e mardi dernier dans les communes touch\u00e9es par les incendies, l\u2019engagement des autorit\u00e9s locales \u00e0 \u00ab\u00a0r\u00e9pondre au mieux aux pr\u00e9occupations des citoyens\u00a0\u00bb, rassurant que toutes les mesures n\u00e9cessaires seront adopt\u00e9es pour la prise en charge des d\u00e9g\u00e2ts occasionn\u00e9s par les feux de for\u00eat et pour remettre en \u00e9tat les infrastructures et les r\u00e9seaux endommag\u00e9s dans les plus brefs d\u00e9lais.<br>Au cours de cette visite, M. Yahiaoui a constat\u00e9 de visu les dommages, notamment ceux qui ont touch\u00e9 les diff\u00e9rents r\u00e9seaux et les infrastructures de plusieurs secteurs, soulignant \u00e0 cette occasion que les travaux de leur remise en \u00e9tat se poursuivaient, tout en garantissant la continuit\u00e9 des services publics essentiels au b\u00e9n\u00e9fice des citoyens.<br>Dans le m\u00eame contexte, plusieurs organismes relevant des secteurs de l&rsquo;habitat et de l&rsquo;urbanisme ont proc\u00e9d\u00e9, au cours des deux derniers jours, au nettoyage des \u00e9tablissements scolaires sinistr\u00e9s et \u00e0 l&rsquo;enl\u00e8vement des d\u00e9bris et restes des incendies.<br>Des inspections sur le terrain ont \u00e9t\u00e9 effectu\u00e9es afin d&rsquo;\u00e9valuer les d\u00e9g\u00e2ts et d&rsquo;\u00e9tablir les fiches techniques n\u00e9cessaires pour d\u00e9terminer leur nature et ampleur et y rem\u00e9dier conform\u00e9ment aux proc\u00e9dures en vigueur, selon les informations fournies par la Direction de l&rsquo;habitat.<br>Par ailleurs, et afin de permettre aux citoyens sinistr\u00e9s de reprendre leur vie quotidienne normale dans les meilleures conditions, les r\u00e9seaux d\u2019\u00e9lectricit\u00e9 et d\u2019approvisionnement en eau potable ont \u00e9t\u00e9 remis en \u00e9tat dans la plupart des zones touch\u00e9es.<br>A noter que les services de la wilaya ont achev\u00e9 la remise des d\u00e9cisions d\u2019indemnisation des citoyens sinistr\u00e9s par les incendies qui ont touch\u00e9 plusieurs communes de B\u00e9ja\u00efa au cours du mois de juillet dernier.<br>Abir Menasria\/APS<\/p>\n\n\n\n<p class=\"wp-block-paragraph\">&#8212;&#8212;&#8212;&#8212;&#8212;&#8212;&#8212;&#8212;&#8212;-<\/p>\n\n\n\n<p class=\"wp-block-paragraph\"><strong>Poste et T\u00e9l\u00e9communications : r\u00e9union sur la continuit\u00e9 des services en cas de catastrophes et de crises<\/strong><\/p>\n\n\n\n<p class=\"wp-block-paragraph\">Le ministre de la Poste et des T\u00e9l\u00e9communications, M. Sid Ali Zerrouki, a pr\u00e9sid\u00e9 une r\u00e9union consacr\u00e9e au renforcement de la pr\u00e9paration du secteur et \u00e0 la garantie de la continuit\u00e9 des services en cas de catastrophes naturelles et de crises, en application des hautes instructions du pr\u00e9sident de la R\u00e9publique, M. Abdelmadjid Tebboune, a indiqu\u00e9 mardi dernier un communiqu\u00e9 du minist\u00e8re.<br>Cette r\u00e9union d&rsquo;orientation, qui a regroup\u00e9 les responsables des \u00e9tablissements du secteur aux niveaux central et local, a \u00e9t\u00e9 consacr\u00e9e \u00e0 l&rsquo;examen d&rsquo;un ensemble de mesures, notamment \u00ab\u00a0la constitution d&rsquo;un stock de<br>r\u00e9serve de stations mobiles et de moyens de soutien technique permettant une intervention rapide en cas de besoin\u00a0\u00bb et \u00ab\u00a0le lancement de la conception d&rsquo;un syst\u00e8me d&rsquo;information unifi\u00e9e permettant de mesurer l&rsquo;\u00e9tendue des d\u00e9g\u00e2ts, de suivre le r\u00e9tablissement post-crise et de coordonner les op\u00e9rations de r\u00e9ponse imm\u00e9diate\u00a0\u00bb.<br>Dans ce cadre, le ministre a ordonn\u00e9 d'\u00a0\u00bbacc\u00e9l\u00e9rer la mise en service, dans les meilleurs d\u00e9lais, du m\u00e9canisme de diffusion cellulaire (Cell Broadcast), en tant qu&rsquo;outil d&rsquo;alerte pr\u00e9coce permettant de transmettre des notifications urgentes aux citoyens dans les zones concern\u00e9es, notamment en cas de catastrophes et de risques majeurs\u00a0\u00bb.<br>Il a \u00e9galement soulign\u00e9 la n\u00e9cessit\u00e9 de \u00ab\u00a0ne pas se limiter \u00e0 intervenir apr\u00e8s la survenue des crises, mais d&rsquo;adopter des protocoles pr\u00e9ventifs et proactifs unifi\u00e9s pour leur gestion, fond\u00e9s sur la pr\u00e9paration, la coordination et l&rsquo;intervention rapide, afin de garantir la continuit\u00e9 des services du secteur et de prot\u00e9ger les citoyens et les infrastructures\u00a0\u00bb, conclut le communiqu\u00e9.<br>APS<\/p>\n","protected":false},"excerpt":{"rendered":"<p>Les autorit\u00e9s publiques comp\u00e9tentes de la wilaya de Jijel demeurent pleinement mobilis\u00e9es pour \u00e9valuer les pr\u00e9judices caus\u00e9s par les r\u00e9cents incendies et intervenir rapidement afin de r\u00e9parer les dommages enregistr\u00e9s. Plus de 60 \u00e9quipes techniques s\u2019emploient \u00e0 \u00e9valuer l\u2019\u00e9tendue des d\u00e9g\u00e2ts caus\u00e9s aux habitations, selon la cellule de crise mise [&hellip;]<\/p>\n","protected":false},"author":3,"featured_media":67786,"comment_status":"closed","ping_status":"closed","sticky":false,"template":"","format":"standard","meta":{"footnotes":""},"categories":[236,36],"tags":[5705],"class_list":["post-67771","post","type-post","status-publish","format-standard","has-post-thumbnail","hentry","category-a-la-une","category-actualites","tag-incendies"],"_links":{"self":[{"href":"https:\/\/alger16.dz\/index.php?rest_route=\/wp\/v2\/posts\/67771","targetHints":{"allow":["GET"]}}],"collection":[{"href":"https:\/\/alger16.dz\/index.php?rest_route=\/wp\/v2\/posts"}],"about":[{"href":"https:\/\/alger16.dz\/index.php?rest_route=\/wp\/v2\/types\/post"}],"author":[{"embeddable":true,"href":"https:\/\/alger16.dz\/index.php?rest_route=\/wp\/v2\/users\/3"}],"replies":[{"embeddable":true,"href":"https:\/\/alger16.dz\/index.php?rest_route=%2Fwp%2Fv2%2Fcomments&post=67771"}],"version-history":[{"count":1,"href":"https:\/\/alger16.dz\/index.php?rest_route=\/wp\/v2\/posts\/67771\/revisions"}],"predecessor-version":[{"id":67787,"href":"https:\/\/alger16.dz\/index.php?rest_route=\/wp\/v2\/posts\/67771\/revisions\/67787"}],"wp:featuredmedia":[{"embeddable":true,"href":"https:\/\/alger16.dz\/index.php?rest_route=\/wp\/v2\/media\/67786"}],"wp:attachment":[{"href":"https:\/\/alger16.dz\/index.php?rest_route=%2Fwp%2Fv2%2Fmedia&parent=67771"}],"wp:term":[{"taxonomy":"category","embeddable":true,"href":"https:\/\/alger16.dz\/index.php?rest_route=%2Fwp%2Fv2%2Fcategories&post=67771"},{"taxonomy":"post_tag","embeddable":true,"href":"https:\/\/alger16.dz\/index.php?rest_route=%2Fwp%2Fv2%2Ftags&post=67771"}],"curies":[{"name":"wp","href":"https:\/\/api.w.org\/{rel}","templated":true}]}}