{"id":67801,"date":"2026-09-02T23:11:04","date_gmt":"2026-09-02T23:11:04","guid":{"rendered":"https:\/\/alger16.dz\/?p=67801"},"modified":"2026-09-02T23:11:04","modified_gmt":"2026-09-02T23:11:04","slug":"animaux-blesses-a-jijel-appel-a-la-mobilisation-des-veterinaires","status":"publish","type":"post","link":"https:\/\/alger16.dz\/?p=67801","title":{"rendered":"Animaux bless\u00e9s \u00e0 Jijel :  Appel \u00e0 la mobilisation des v\u00e9t\u00e9rinaires"},"content":{"rendered":"\n<figure class=\"wp-block-image size-full\"><img loading=\"lazy\" decoding=\"async\" width=\"739\" height=\"415\" src=\"https:\/\/alger16.dz\/wp-content\/uploads\/2026\/09\/images-2.jpg\" alt=\"\" class=\"wp-image-67802\" srcset=\"https:\/\/alger16.dz\/wp-content\/uploads\/2026\/09\/images-2.jpg 739w, https:\/\/alger16.dz\/wp-content\/uploads\/2026\/09\/images-2-300x168.jpg 300w\" sizes=\"auto, (max-width: 739px) 100vw, 739px\" \/><\/figure>\n\n\n\n<p class=\"wp-block-paragraph\">Pour sauver les animaux bless\u00e9s \u00e0 Jijel, suite aux derniers incendies, un appel \u00e0 la mobilisation des v\u00e9t\u00e9rinaires est lanc\u00e9 \u00e0 travers le territoire national. En effet, face \u00e0 l\u2019ampleur des d\u00e9g\u00e2ts provoqu\u00e9s par les incendies qui ont ravag\u00e9 plusieurs wilayas de l\u2019est du pays, notamment Jijel, des internautes ont lanc\u00e9 un appel aux v\u00e9t\u00e9rinaires afin qu\u2019ils se mobilisent en nombre pour prendre en charge les animaux victimes des flammes. Bovins, ovins, caprins, chiens, chats, singes et autres esp\u00e8ces ont, eux aussi, subi de graves br\u00fblures et blessures, souvent dans le silence et loin des secours. Alors que l\u2019\u00e9lan de solidarit\u00e9 nationale s\u2019organise pour venir en aide aux familles sinistr\u00e9es par les incendies qui ont frapp\u00e9 plusieurs r\u00e9gions du centre et de l\u2019est du pays, une autre d\u00e9tresse, plus discr\u00e8te, commence \u00e0 \u00e9merger, celle des animaux bless\u00e9s ou br\u00fbl\u00e9s dans les zones touch\u00e9es par les flammes.<\/p>\n","protected":false},"excerpt":{"rendered":"<p>Pour sauver les animaux bless\u00e9s \u00e0 Jijel, suite aux derniers incendies, un appel \u00e0 la mobilisation des v\u00e9t\u00e9rinaires est lanc\u00e9 \u00e0 travers le territoire national. En effet, face \u00e0 l\u2019ampleur des d\u00e9g\u00e2ts provoqu\u00e9s par les incendies qui ont ravag\u00e9 plusieurs wilayas de l\u2019est du pays, notamment Jijel, des internautes ont [&hellip;]<\/p>\n","protected":false},"author":3,"featured_media":67802,"comment_status":"closed","ping_status":"closed","sticky":false,"template":"","format":"standard","meta":{"footnotes":""},"categories":[62],"tags":[5705],"class_list":["post-67801","post","type-post","status-publish","format-standard","has-post-thumbnail","hentry","category-le-savez-vous","tag-incendies"],"_links":{"self":[{"href":"https:\/\/alger16.dz\/index.php?rest_route=\/wp\/v2\/posts\/67801","targetHints":{"allow":["GET"]}}],"collection":[{"href":"https:\/\/alger16.dz\/index.php?rest_route=\/wp\/v2\/posts"}],"about":[{"href":"https:\/\/alger16.dz\/index.php?rest_route=\/wp\/v2\/types\/post"}],"author":[{"embeddable":true,"href":"https:\/\/alger16.dz\/index.php?rest_route=\/wp\/v2\/users\/3"}],"replies":[{"embeddable":true,"href":"https:\/\/alger16.dz\/index.php?rest_route=%2Fwp%2Fv2%2Fcomments&post=67801"}],"version-history":[{"count":1,"href":"https:\/\/alger16.dz\/index.php?rest_route=\/wp\/v2\/posts\/67801\/revisions"}],"predecessor-version":[{"id":67803,"href":"https:\/\/alger16.dz\/index.php?rest_route=\/wp\/v2\/posts\/67801\/revisions\/67803"}],"wp:featuredmedia":[{"embeddable":true,"href":"https:\/\/alger16.dz\/index.php?rest_route=\/wp\/v2\/media\/67802"}],"wp:attachment":[{"href":"https:\/\/alger16.dz\/index.php?rest_route=%2Fwp%2Fv2%2Fmedia&parent=67801"}],"wp:term":[{"taxonomy":"category","embeddable":true,"href":"https:\/\/alger16.dz\/index.php?rest_route=%2Fwp%2Fv2%2Fcategories&post=67801"},{"taxonomy":"post_tag","embeddable":true,"href":"https:\/\/alger16.dz\/index.php?rest_route=%2Fwp%2Fv2%2Ftags&post=67801"}],"curies":[{"name":"wp","href":"https:\/\/api.w.org\/{rel}","templated":true}]}}