{"id":67887,"date":"2026-09-03T14:58:48","date_gmt":"2026-09-03T14:58:48","guid":{"rendered":"https:\/\/alger16.dz\/?p=67887"},"modified":"2026-09-03T14:58:48","modified_gmt":"2026-09-03T14:58:48","slug":"incendies-le-cra-lance-une-caravane-de-solidarite-vers-la-wilaya-de-jijel","status":"publish","type":"post","link":"https:\/\/alger16.dz\/?p=67887","title":{"rendered":"Incendies : Le CRA lance une caravane de solidarit\u00e9 vers la wilaya de Jijel"},"content":{"rendered":"\n<figure class=\"wp-block-image size-large\"><img loading=\"lazy\" decoding=\"async\" width=\"1024\" height=\"768\" src=\"https:\/\/alger16.dz\/wp-content\/uploads\/2026\/09\/7626-1024x768.jpg\" alt=\"\" class=\"wp-image-67888\" srcset=\"https:\/\/alger16.dz\/wp-content\/uploads\/2026\/09\/7626-1024x768.jpg 1024w, https:\/\/alger16.dz\/wp-content\/uploads\/2026\/09\/7626-300x225.jpg 300w, https:\/\/alger16.dz\/wp-content\/uploads\/2026\/09\/7626-768x576.jpg 768w, https:\/\/alger16.dz\/wp-content\/uploads\/2026\/09\/7626.jpg 1080w\" sizes=\"auto, (max-width: 1024px) 100vw, 1024px\" \/><\/figure>\n\n\n\n<p class=\"wp-block-paragraph\">Le Croissant-Rouge alg\u00e9rien (CRA) a lanc\u00e9 une caravane de solidarit\u00e9 vers la wilaya de Jijel, comprenant des aides et des \u00e9quipements essentiels, destin\u00e9s \u00e0 r\u00e9pondre aux besoins identifi\u00e9s sur le terrain, indique jeudi un communiqu\u00e9 de cette instance.<\/p>\n\n\n\n<p class=\"wp-block-paragraph\">&nbsp;&nbsp;&nbsp;&nbsp; Cette caravane comprend \u00ab\u00a0des citernes d&rsquo;eau \u00e9quip\u00e9es de pompes et des r\u00e9chauds de cuisine, destin\u00e9s aux familles dont les besoins ont \u00e9t\u00e9 identifi\u00e9s par le bureau de wilaya du CRA sur place\u00a0\u00bb, pr\u00e9cise-t-on de m\u00eame source.<\/p>\n\n\n\n<p class=\"wp-block-paragraph\">&nbsp;&nbsp;&nbsp;&nbsp; La caravane comporte \u00e9galement \u00ab\u00a02.000 cartables contenant des fournitures scolaires et des tabliers, au profit des enfants dans les zones touch\u00e9es\u00a0\u00bb, afin d&rsquo;accompagner les familles \u00e0 l&rsquo;approche de la rentr\u00e9e sociale et scolaire.<\/p>\n\n\n\n<p class=\"wp-block-paragraph\">&nbsp;&nbsp;&nbsp;&nbsp; Cette initiative s&rsquo;inscrit dans le cadre de la mobilisation par le CRA de ses ressources humaines et logistiques et de la mise \u00e0 disposition de ses moyens \u00ab\u00a0en appui \u00e0 la r\u00e9ponse nationale et dans le souci d&rsquo;orienter les aides en fonction des besoins identifi\u00e9s et des priorit\u00e9s d\u00e9finies sur le terrain\u00a0\u00bb, o\u00f9 \u00ab\u00a0les \u00e9quipes du CRA veillent, en coordination avec les parties concern\u00e9es, \u00e0 accompagner l&rsquo;op\u00e9ration d&rsquo;acheminement et de distribution des aides et \u00e9quipements, de mani\u00e8re \u00e0 en assurer la remise aux familles concern\u00e9es dans les meilleures conditions\u00a0\u00bb, ajoute le communiqu\u00e9.<\/p>\n\n\n\n<p class=\"wp-block-paragraph\">&nbsp;&nbsp;&nbsp;&nbsp; Cette caravane, qui traduit concr\u00e8tement la prise en charge des besoins sur le terrain, t\u00e9moigne de \u00ab\u00a0la poursuite par le CRA de la mobilisation de ses moyens et de l&rsquo;accompagnement des populations touch\u00e9es, dans le cadre des efforts d\u00e9ploy\u00e9s suite aux incendies\u00a0\u00bb, conclut le communiqu\u00e9.<\/p>\n","protected":false},"excerpt":{"rendered":"<p>Le Croissant-Rouge alg\u00e9rien (CRA) a lanc\u00e9 une caravane de solidarit\u00e9 vers la wilaya de Jijel, comprenant des aides et des \u00e9quipements essentiels, destin\u00e9s \u00e0 r\u00e9pondre aux besoins identifi\u00e9s sur le terrain, indique jeudi un communiqu\u00e9 de cette instance. &nbsp;&nbsp;&nbsp;&nbsp; Cette caravane comprend \u00ab\u00a0des citernes d&rsquo;eau \u00e9quip\u00e9es de pompes et des [&hellip;]<\/p>\n","protected":false},"author":3,"featured_media":67888,"comment_status":"closed","ping_status":"closed","sticky":false,"template":"","format":"standard","meta":{"footnotes":""},"categories":[236,36],"tags":[231,5705,1681],"class_list":["post-67887","post","type-post","status-publish","format-standard","has-post-thumbnail","hentry","category-a-la-une","category-actualites","tag-cra","tag-incendies","tag-jijel"],"_links":{"self":[{"href":"https:\/\/alger16.dz\/index.php?rest_route=\/wp\/v2\/posts\/67887","targetHints":{"allow":["GET"]}}],"collection":[{"href":"https:\/\/alger16.dz\/index.php?rest_route=\/wp\/v2\/posts"}],"about":[{"href":"https:\/\/alger16.dz\/index.php?rest_route=\/wp\/v2\/types\/post"}],"author":[{"embeddable":true,"href":"https:\/\/alger16.dz\/index.php?rest_route=\/wp\/v2\/users\/3"}],"replies":[{"embeddable":true,"href":"https:\/\/alger16.dz\/index.php?rest_route=%2Fwp%2Fv2%2Fcomments&post=67887"}],"version-history":[{"count":1,"href":"https:\/\/alger16.dz\/index.php?rest_route=\/wp\/v2\/posts\/67887\/revisions"}],"predecessor-version":[{"id":67889,"href":"https:\/\/alger16.dz\/index.php?rest_route=\/wp\/v2\/posts\/67887\/revisions\/67889"}],"wp:featuredmedia":[{"embeddable":true,"href":"https:\/\/alger16.dz\/index.php?rest_route=\/wp\/v2\/media\/67888"}],"wp:attachment":[{"href":"https:\/\/alger16.dz\/index.php?rest_route=%2Fwp%2Fv2%2Fmedia&parent=67887"}],"wp:term":[{"taxonomy":"category","embeddable":true,"href":"https:\/\/alger16.dz\/index.php?rest_route=%2Fwp%2Fv2%2Fcategories&post=67887"},{"taxonomy":"post_tag","embeddable":true,"href":"https:\/\/alger16.dz\/index.php?rest_route=%2Fwp%2Fv2%2Ftags&post=67887"}],"curies":[{"name":"wp","href":"https:\/\/api.w.org\/{rel}","templated":true}]}}