{"id":67890,"date":"2026-09-03T16:14:33","date_gmt":"2026-09-03T16:14:33","guid":{"rendered":"https:\/\/alger16.dz\/?p=67890"},"modified":"2026-09-03T16:14:35","modified_gmt":"2026-09-03T16:14:35","slug":"incendies-khaldi-affirme-depuis-jijel-lindemnisation-de-tous-les-agriculteurs-quel-que-soit-le-type-des-pertes-subies","status":"publish","type":"post","link":"https:\/\/alger16.dz\/?p=67890","title":{"rendered":"Incendies : Khaldi affirme depuis Jijel l&rsquo;indemnisation de tous les agriculteurs quel que soit le type des pertes subies"},"content":{"rendered":"\n<figure class=\"wp-block-image size-large\"><img loading=\"lazy\" decoding=\"async\" width=\"1024\" height=\"684\" src=\"https:\/\/alger16.dz\/wp-content\/uploads\/2026\/09\/7627-1024x684.jpg\" alt=\"\" class=\"wp-image-67891\" srcset=\"https:\/\/alger16.dz\/wp-content\/uploads\/2026\/09\/7627-1024x684.jpg 1024w, https:\/\/alger16.dz\/wp-content\/uploads\/2026\/09\/7627-300x200.jpg 300w, https:\/\/alger16.dz\/wp-content\/uploads\/2026\/09\/7627-767x512.jpg 767w, https:\/\/alger16.dz\/wp-content\/uploads\/2026\/09\/7627.jpg 1080w\" sizes=\"auto, (max-width: 1024px) 100vw, 1024px\" \/><\/figure>\n\n\n\n<p class=\"wp-block-paragraph\">Le ministre de l&rsquo;Agriculture, du D\u00e9veloppement rural et de la P\u00eache, Sid Ali Khaldi, a affirm\u00e9, jeudi \u00e0 Jijel, que tous les agriculteurs touch\u00e9s par les incendies survenus r\u00e9cemment dans la wilaya \u00ab\u00a0seront indemnis\u00e9s pour toutes leurs pertes, quelle qu&rsquo;en soit la nature\u00a0\u00bb.<\/p>\n\n\n\n<p class=\"wp-block-paragraph\">Le ministre a assur\u00e9, lors d\u2019\u00e9changes avec des agriculteurs et des citoyens de plusieurs villages des communes d&rsquo;Ouled Yahia Khedrouche et de Bouaroui Belhadef, dans le cadre d\u2019une visite de travail dans la wilaya, que tous les<\/p>\n\n\n\n<p class=\"wp-block-paragraph\">agriculteurs seront indemnis\u00e9s, quelle que soit la nature des pertes subies, conform\u00e9ment aux instructions du pr\u00e9sident de la R\u00e9publique, M. Abdelmadjid Tebboune, et aux directives du Premier ministre, M. Sifi Ghrieb.<br>S\u2019enqu\u00e9rant des pr\u00e9occupations des agriculteurs de la r\u00e9gion, qui ont fait part de leurs pertes en mati\u00e8re d\u2019\u00e9levage de b\u00e9tail, d\u2019arboriculture (l\u2019ol\u00e9iculture, notamment), d\u2019apiculture et d\u2019aviculture, M. Khaldi a soulign\u00e9 que sa visite dans la wilaya de Jijel vise \u00e0 \u00ab\u00a0r\u00e9affirmer le soutien total et la solidarit\u00e9 de l&rsquo;Etat avec l\u2019ensemble des sinistr\u00e9s par les incendies, y compris les agriculteurs\u00a0\u00bb, pr\u00e9cisant que \u00ab\u00a0tous ceux qui ont \u00e9t\u00e9 recens\u00e9s seront indemnis\u00e9s, quelle que soit la nature des pertes subies\u00a0\u00bb.<br>Le ministre a insist\u00e9, dans ce contexte, aupr\u00e8s des responsables de l&rsquo;op\u00e9ration de recensement sur \u00ab\u00a0la n\u00e9cessit\u00e9 de parachever l&rsquo;op\u00e9ration dans les d\u00e9lais impartis afin d\u2019entamer le processus d&rsquo;indemnisation et garantir, ainsi, un retour progressif \u00e0 la vie normale\u00a0\u00bb.<br>Le ministre de l&rsquo;Agriculture, du D\u00e9veloppement rural et de la P\u00eache a \u00e9galement instruit les responsables locaux de son secteur \u00e0 l\u2019effet de \u00ab\u00a0rester mobilis\u00e9s et de soutenir les agriculteurs sinistr\u00e9s par les incendies jusqu&rsquo;\u00e0 une reprise normales des activit\u00e9s agricoles\u00a0\u00bb.<\/p>\n\n\n\n<p class=\"wp-block-paragraph\"><\/p>\n","protected":false},"excerpt":{"rendered":"<p>Le ministre de l&rsquo;Agriculture, du D\u00e9veloppement rural et de la P\u00eache, Sid Ali Khaldi, a affirm\u00e9, jeudi \u00e0 Jijel, que tous les agriculteurs touch\u00e9s par les incendies survenus r\u00e9cemment dans la wilaya \u00ab\u00a0seront indemnis\u00e9s pour toutes leurs pertes, quelle qu&rsquo;en soit la nature\u00a0\u00bb. Le ministre a assur\u00e9, lors d\u2019\u00e9changes avec [&hellip;]<\/p>\n","protected":false},"author":3,"featured_media":67891,"comment_status":"closed","ping_status":"closed","sticky":false,"template":"","format":"standard","meta":{"footnotes":""},"categories":[236,36],"tags":[5705,6082],"class_list":["post-67890","post","type-post","status-publish","format-standard","has-post-thumbnail","hentry","category-a-la-une","category-actualites","tag-incendies","tag-sid-ali-khaldi"],"_links":{"self":[{"href":"https:\/\/alger16.dz\/index.php?rest_route=\/wp\/v2\/posts\/67890","targetHints":{"allow":["GET"]}}],"collection":[{"href":"https:\/\/alger16.dz\/index.php?rest_route=\/wp\/v2\/posts"}],"about":[{"href":"https:\/\/alger16.dz\/index.php?rest_route=\/wp\/v2\/types\/post"}],"author":[{"embeddable":true,"href":"https:\/\/alger16.dz\/index.php?rest_route=\/wp\/v2\/users\/3"}],"replies":[{"embeddable":true,"href":"https:\/\/alger16.dz\/index.php?rest_route=%2Fwp%2Fv2%2Fcomments&post=67890"}],"version-history":[{"count":1,"href":"https:\/\/alger16.dz\/index.php?rest_route=\/wp\/v2\/posts\/67890\/revisions"}],"predecessor-version":[{"id":67892,"href":"https:\/\/alger16.dz\/index.php?rest_route=\/wp\/v2\/posts\/67890\/revisions\/67892"}],"wp:featuredmedia":[{"embeddable":true,"href":"https:\/\/alger16.dz\/index.php?rest_route=\/wp\/v2\/media\/67891"}],"wp:attachment":[{"href":"https:\/\/alger16.dz\/index.php?rest_route=%2Fwp%2Fv2%2Fmedia&parent=67890"}],"wp:term":[{"taxonomy":"category","embeddable":true,"href":"https:\/\/alger16.dz\/index.php?rest_route=%2Fwp%2Fv2%2Fcategories&post=67890"},{"taxonomy":"post_tag","embeddable":true,"href":"https:\/\/alger16.dz\/index.php?rest_route=%2Fwp%2Fv2%2Ftags&post=67890"}],"curies":[{"name":"wp","href":"https:\/\/api.w.org\/{rel}","templated":true}]}}