{"id":67904,"date":"2026-09-03T19:03:08","date_gmt":"2026-09-03T19:03:08","guid":{"rendered":"https:\/\/alger16.dz\/?p=67904"},"modified":"2026-09-03T19:03:09","modified_gmt":"2026-09-03T19:03:09","slug":"rezig-examine-avec-des-hommes-daffaires-qataris-les-moyens-de-developper-le-partenariat-economique","status":"publish","type":"post","link":"https:\/\/alger16.dz\/?p=67904","title":{"rendered":"Rezig examine avec des hommes d&rsquo;affaires qataris les moyens de d\u00e9velopper le partenariat \u00e9conomique"},"content":{"rendered":"\n<figure class=\"wp-block-image size-large\"><img loading=\"lazy\" decoding=\"async\" width=\"1024\" height=\"473\" src=\"https:\/\/alger16.dz\/wp-content\/uploads\/2026\/09\/7708-1024x473.jpg\" alt=\"\" class=\"wp-image-67905\" srcset=\"https:\/\/alger16.dz\/wp-content\/uploads\/2026\/09\/7708-1024x473.jpg 1024w, https:\/\/alger16.dz\/wp-content\/uploads\/2026\/09\/7708-300x139.jpg 300w, https:\/\/alger16.dz\/wp-content\/uploads\/2026\/09\/7708-766x354.jpg 766w, https:\/\/alger16.dz\/wp-content\/uploads\/2026\/09\/7708.jpg 1080w\" sizes=\"auto, (max-width: 1024px) 100vw, 1024px\" \/><\/figure>\n\n\n\n<p class=\"wp-block-paragraph\">Le ministre du Commerce ext\u00e9rieur et de la Promotion des exportations, Kamel Rezig, a re\u00e7u, jeudi \u00e0 Alger, une d\u00e9l\u00e9gation d&rsquo;hommes d&rsquo;affaires qataris, conduite par Cheikh Mohammed Ben Fahd Mohammed Al Thani, avec laquelle il a examin\u00e9 les moyens de d\u00e9velopper la coop\u00e9ration et le partenariat entre les op\u00e9rateurs \u00e9conomiques des deux pays, indique un communiqu\u00e9 du minist\u00e8re.<\/p>\n\n\n\n<p class=\"wp-block-paragraph\">La rencontre a \u00e9t\u00e9 l&rsquo;occasion de passer en revue les opportunit\u00e9s de coop\u00e9ration \u00e9conomique et d&rsquo;investissement disponibles, notamment dans les secteurs prioritaires, en vue de renforcer les \u00e9changescommerciaux et les partenariats entre les entreprises alg\u00e9riennes et qataries.<\/p>\n\n\n\n<p class=\"wp-block-paragraph\">Cette rencontre s&rsquo;inscrit dans le cadre des efforts visant \u00e0 promouvoir les relations \u00e9conomiques et commerciales entre l&rsquo;Alg\u00e9rie et le Qatar et \u00e0 encourager l&rsquo;\u00e9tablissement de partenariats fructueux et durables entre les acteurs \u00e9conomiques, en vue de cr\u00e9er de nouvelles opportunit\u00e9s de coop\u00e9ration bilat\u00e9rale.<\/p>\n","protected":false},"excerpt":{"rendered":"<p>Le ministre du Commerce ext\u00e9rieur et de la Promotion des exportations, Kamel Rezig, a re\u00e7u, jeudi \u00e0 Alger, une d\u00e9l\u00e9gation d&rsquo;hommes d&rsquo;affaires qataris, conduite par Cheikh Mohammed Ben Fahd Mohammed Al Thani, avec laquelle il a examin\u00e9 les moyens de d\u00e9velopper la coop\u00e9ration et le partenariat entre les op\u00e9rateurs \u00e9conomiques [&hellip;]<\/p>\n","protected":false},"author":3,"featured_media":67905,"comment_status":"closed","ping_status":"closed","sticky":false,"template":"","format":"standard","meta":{"footnotes":""},"categories":[236,63],"tags":[468,2380],"class_list":["post-67904","post","type-post","status-publish","format-standard","has-post-thumbnail","hentry","category-a-la-une","category-economie","tag-algerie-qatar","tag-kamel-rezig"],"_links":{"self":[{"href":"https:\/\/alger16.dz\/index.php?rest_route=\/wp\/v2\/posts\/67904","targetHints":{"allow":["GET"]}}],"collection":[{"href":"https:\/\/alger16.dz\/index.php?rest_route=\/wp\/v2\/posts"}],"about":[{"href":"https:\/\/alger16.dz\/index.php?rest_route=\/wp\/v2\/types\/post"}],"author":[{"embeddable":true,"href":"https:\/\/alger16.dz\/index.php?rest_route=\/wp\/v2\/users\/3"}],"replies":[{"embeddable":true,"href":"https:\/\/alger16.dz\/index.php?rest_route=%2Fwp%2Fv2%2Fcomments&post=67904"}],"version-history":[{"count":1,"href":"https:\/\/alger16.dz\/index.php?rest_route=\/wp\/v2\/posts\/67904\/revisions"}],"predecessor-version":[{"id":67906,"href":"https:\/\/alger16.dz\/index.php?rest_route=\/wp\/v2\/posts\/67904\/revisions\/67906"}],"wp:featuredmedia":[{"embeddable":true,"href":"https:\/\/alger16.dz\/index.php?rest_route=\/wp\/v2\/media\/67905"}],"wp:attachment":[{"href":"https:\/\/alger16.dz\/index.php?rest_route=%2Fwp%2Fv2%2Fmedia&parent=67904"}],"wp:term":[{"taxonomy":"category","embeddable":true,"href":"https:\/\/alger16.dz\/index.php?rest_route=%2Fwp%2Fv2%2Fcategories&post=67904"},{"taxonomy":"post_tag","embeddable":true,"href":"https:\/\/alger16.dz\/index.php?rest_route=%2Fwp%2Fv2%2Ftags&post=67904"}],"curies":[{"name":"wp","href":"https:\/\/api.w.org\/{rel}","templated":true}]}}