{"id":67914,"date":"2026-09-04T13:25:27","date_gmt":"2026-09-04T13:25:27","guid":{"rendered":"https:\/\/alger16.dz\/?p=67914"},"modified":"2026-09-04T13:25:27","modified_gmt":"2026-09-04T13:25:27","slug":"amnesty-international-les-decisions-sionistes-de-semparer-de-terres-palestiniennes-accelerent-ses-plans-dannexion-de-la-cisjordanie","status":"publish","type":"post","link":"https:\/\/alger16.dz\/?p=67914","title":{"rendered":"Amnesty International : Les d\u00e9cisions sionistes de s&#8217;emparer de terres palestiniennes acc\u00e9l\u00e8rent ses plans d&rsquo;annexion de la Cisjordanie"},"content":{"rendered":"\n<figure class=\"wp-block-image size-full\"><img loading=\"lazy\" decoding=\"async\" width=\"950\" height=\"633\" src=\"https:\/\/alger16.dz\/wp-content\/uploads\/2026\/09\/7744.jpg\" alt=\"\" class=\"wp-image-67915\" srcset=\"https:\/\/alger16.dz\/wp-content\/uploads\/2026\/09\/7744.jpg 950w, https:\/\/alger16.dz\/wp-content\/uploads\/2026\/09\/7744-300x200.jpg 300w, https:\/\/alger16.dz\/wp-content\/uploads\/2026\/09\/7744-767x511.jpg 767w\" sizes=\"auto, (max-width: 950px) 100vw, 950px\" \/><\/figure>\n\n\n\n<p class=\"wp-block-paragraph\">Les r\u00e9centes d\u00e9cisions de l&rsquo;entit\u00e9 sioniste de s&#8217;emparer de terres palestiniennes occup\u00e9es t\u00e9moignent d&rsquo;un \u00ab\u00a0\u00e9largissement\u00a0\u00bb de son programme et de sa politique visant \u00e0 annexer la Cisjordanie, a averti Amnesty International.<\/p>\n\n\n\n<p class=\"wp-block-paragraph\">&nbsp;&nbsp;&nbsp;&nbsp; Dans un communiqu\u00e9 de presse publi\u00e9 jeudi et relay\u00e9 par l&rsquo;agence de presse palestinienne Wafa, l&rsquo;Organisation a affirm\u00e9 que l&rsquo;occupation sioniste de la Cisjordanie et les saisies de terres constituent \u00ab\u00a0des mesures acc\u00e9l\u00e9rant l&rsquo;annexion du territoire\u00a0\u00bb.<\/p>\n\n\n\n<p class=\"wp-block-paragraph\">&nbsp;&nbsp;&nbsp;&nbsp; AI a soulign\u00e9 que l&rsquo;entit\u00e9 sioniste s&#8217;empare toujours plus de terres en Cisjordanie et continue d&rsquo;y \u00e9tablir des colonies ill\u00e9gales, pr\u00e9cisant que la saisie de terres sous le contr\u00f4le de l&rsquo;Etat de Palestine bafoue les droits des Palestiniens vivant sous occupation.<\/p>\n\n\n\n<p class=\"wp-block-paragraph\">&nbsp;&nbsp;&nbsp;&nbsp; L&rsquo;ONG a ajout\u00e9 qu'\u00a0\u00bbau cours du seul mois de juillet, l&rsquo;arm\u00e9e sioniste a saisi 15 parcelles de terrain, soit un total de 20 hectares\u00a0\u00bb, soulignant que l&rsquo;entit\u00e9 sioniste a \u00e9tabli des bases militaires en s&#8217;emparant de terres priv\u00e9es et en ciblant les b\u00e9douins palestiniens.<\/p>\n\n\n\n<p class=\"wp-block-paragraph\">&nbsp;&nbsp;&nbsp;&nbsp; Dans son analyse jointe au communiqu\u00e9, la directrice r\u00e9gionale de l&rsquo;organisation pour le Moyen-Orient et l&rsquo;Afrique du Nord, Heba Morayef, a d\u00e9clar\u00e9 que par l&rsquo;occupation du territoire palestinien et l&rsquo;expansion des colonies ill\u00e9gales, les institutions sionistes violent une fois de plus le droit international \u00e9tabli de longue date.<\/p>\n\n\n\n<p class=\"wp-block-paragraph\">&nbsp;&nbsp;&nbsp;&nbsp; Elle a exhort\u00e9 la communaut\u00e9 internationale \u00e0 prendre des mesures concr\u00e8tes, en utilisant les moyens \u00e0 leur disposition, \u00e0 savoir mettre fin aux partenariats qui contribuent \u00e0 la perp\u00e9tuation de ces violences, aux projets \u00e9conomiques avec l&rsquo;entit\u00e9 sioniste et aux relations commerciales avec les colonies sionistes construites sur des terres palestiniennes occup\u00e9es.<\/p>\n","protected":false},"excerpt":{"rendered":"<p>Les r\u00e9centes d\u00e9cisions de l&rsquo;entit\u00e9 sioniste de s&#8217;emparer de terres palestiniennes occup\u00e9es t\u00e9moignent d&rsquo;un \u00ab\u00a0\u00e9largissement\u00a0\u00bb de son programme et de sa politique visant \u00e0 annexer la Cisjordanie, a averti Amnesty International. &nbsp;&nbsp;&nbsp;&nbsp; Dans un communiqu\u00e9 de presse publi\u00e9 jeudi et relay\u00e9 par l&rsquo;agence de presse palestinienne Wafa, l&rsquo;Organisation a affirm\u00e9 [&hellip;]<\/p>\n","protected":false},"author":3,"featured_media":67915,"comment_status":"closed","ping_status":"closed","sticky":false,"template":"","format":"standard","meta":{"footnotes":""},"categories":[65],"tags":[6085,220,168],"class_list":["post-67914","post","type-post","status-publish","format-standard","has-post-thumbnail","hentry","category-monde","tag-amnesty","tag-entite-sioniste","tag-palestine"],"_links":{"self":[{"href":"https:\/\/alger16.dz\/index.php?rest_route=\/wp\/v2\/posts\/67914","targetHints":{"allow":["GET"]}}],"collection":[{"href":"https:\/\/alger16.dz\/index.php?rest_route=\/wp\/v2\/posts"}],"about":[{"href":"https:\/\/alger16.dz\/index.php?rest_route=\/wp\/v2\/types\/post"}],"author":[{"embeddable":true,"href":"https:\/\/alger16.dz\/index.php?rest_route=\/wp\/v2\/users\/3"}],"replies":[{"embeddable":true,"href":"https:\/\/alger16.dz\/index.php?rest_route=%2Fwp%2Fv2%2Fcomments&post=67914"}],"version-history":[{"count":1,"href":"https:\/\/alger16.dz\/index.php?rest_route=\/wp\/v2\/posts\/67914\/revisions"}],"predecessor-version":[{"id":67916,"href":"https:\/\/alger16.dz\/index.php?rest_route=\/wp\/v2\/posts\/67914\/revisions\/67916"}],"wp:featuredmedia":[{"embeddable":true,"href":"https:\/\/alger16.dz\/index.php?rest_route=\/wp\/v2\/media\/67915"}],"wp:attachment":[{"href":"https:\/\/alger16.dz\/index.php?rest_route=%2Fwp%2Fv2%2Fmedia&parent=67914"}],"wp:term":[{"taxonomy":"category","embeddable":true,"href":"https:\/\/alger16.dz\/index.php?rest_route=%2Fwp%2Fv2%2Fcategories&post=67914"},{"taxonomy":"post_tag","embeddable":true,"href":"https:\/\/alger16.dz\/index.php?rest_route=%2Fwp%2Fv2%2Ftags&post=67914"}],"curies":[{"name":"wp","href":"https:\/\/api.w.org\/{rel}","templated":true}]}}