{"id":67917,"date":"2026-09-04T14:56:48","date_gmt":"2026-09-04T14:56:48","guid":{"rendered":"https:\/\/alger16.dz\/?p=67917"},"modified":"2026-09-04T14:56:49","modified_gmt":"2026-09-04T14:56:49","slug":"bejaia-une-caravane-culturelle-de-solidarite-avec-les-enfants-des-regions-touchees-par-les-incendies","status":"publish","type":"post","link":"https:\/\/alger16.dz\/?p=67917","title":{"rendered":"Beja\u00efa : Une caravane culturelle de solidarit\u00e9 avec les enfants des r\u00e9gions touch\u00e9es par les incendies"},"content":{"rendered":"\n<figure class=\"wp-block-image size-large\"><img loading=\"lazy\" decoding=\"async\" width=\"1024\" height=\"768\" src=\"https:\/\/alger16.dz\/wp-content\/uploads\/2026\/09\/7745-1024x768.jpg\" alt=\"\" class=\"wp-image-67918\" srcset=\"https:\/\/alger16.dz\/wp-content\/uploads\/2026\/09\/7745-1024x768.jpg 1024w, https:\/\/alger16.dz\/wp-content\/uploads\/2026\/09\/7745-300x225.jpg 300w, https:\/\/alger16.dz\/wp-content\/uploads\/2026\/09\/7745-768x576.jpg 768w, https:\/\/alger16.dz\/wp-content\/uploads\/2026\/09\/7745-1536x1152.jpg 1536w, https:\/\/alger16.dz\/wp-content\/uploads\/2026\/09\/7745.jpg 1920w\" sizes=\"auto, (max-width: 1024px) 100vw, 1024px\" \/><\/figure>\n\n\n\n<p class=\"wp-block-paragraph\">Une caravane de solidarit\u00e9 avec les enfants des r\u00e9gions touch\u00e9es par les derniers incendies, a pris le d\u00e9part vendredi \u00e0 partir du chef lieu de wilaya de Beja\u00efa vers ces zones, dans le cadre du programme culturel de solidarit\u00e9 intitul\u00e9 \u00ab\u00a0Caravanes culturels, main dans la main pour une Alg\u00e9rie unie\u00a0\u00bb, lanc\u00e9 par le secteur de la culture et des arts.<\/p>\n\n\n\n<p class=\"wp-block-paragraph\">Le directeur de la Culture et des Arts, Omar Regal, a pr\u00e9cis\u00e9 \u00e0 l\u2019APS, que cette caravane, en provenance des wilayas de Mostaganem, Sidi Bel Abb\u00e8s, Blida et Bordj Bou Arreridj, qui a pris le d\u00e9part \u00e0 partir du si\u00e8ge de la wilaya sous la supervision des autorit\u00e9s locales, va parcourir pendant une semaine enti\u00e8re, plusieurs zones touch\u00e9es par les incendies.&nbsp;<\/p>\n\n\n\n<p class=\"wp-block-paragraph\">Il s&rsquo;agit notamment du village d\u2019Achlouf dans la commune de Touja, de la ville de Derguina et du village de Tizi Ahmed Betichi, ainsi que de la commune de Melbou.&nbsp;<\/p>\n\n\n\n<p class=\"wp-block-paragraph\">M. Regal a ajout\u00e9 que cette caravane culturelle porte un message d\u2019amour, de solidarit\u00e9 et de soutien, parall\u00e8lement \u00e0 d\u2019autres initiatives culturelles, artistiques et \u00e9ducatives destin\u00e9es aux habitants des zones touch\u00e9es par les incendies, en particulier les enfants.<\/p>\n\n\n\n<p class=\"wp-block-paragraph\">Le programme de la caravane pr\u00e9voit l\u2019organisation d\u2019activit\u00e9s culturelles, artistiques et \u00e9ducatives, ainsi que la distribution de livres, de cadeaux et de jeux aux enfants, et la cr\u00e9ation d\u2019espaces de lecture, d\u2019apprentissage et d\u2019interaction, dans l&rsquo;objectif de redonner espoir \u00e0 cette cat\u00e9gorie de la population, selon le m\u00eame responsable.<\/p>\n","protected":false},"excerpt":{"rendered":"<p>Une caravane de solidarit\u00e9 avec les enfants des r\u00e9gions touch\u00e9es par les derniers incendies, a pris le d\u00e9part vendredi \u00e0 partir du chef lieu de wilaya de Beja\u00efa vers ces zones, dans le cadre du programme culturel de solidarit\u00e9 intitul\u00e9 \u00ab\u00a0Caravanes culturels, main dans la main pour une Alg\u00e9rie unie\u00a0\u00bb, [&hellip;]<\/p>\n","protected":false},"author":3,"featured_media":67918,"comment_status":"closed","ping_status":"closed","sticky":false,"template":"","format":"standard","meta":{"footnotes":""},"categories":[40],"tags":[3377,5705],"class_list":["post-67917","post","type-post","status-publish","format-standard","has-post-thumbnail","hentry","category-culture","tag-bejaia-2","tag-incendies"],"_links":{"self":[{"href":"https:\/\/alger16.dz\/index.php?rest_route=\/wp\/v2\/posts\/67917","targetHints":{"allow":["GET"]}}],"collection":[{"href":"https:\/\/alger16.dz\/index.php?rest_route=\/wp\/v2\/posts"}],"about":[{"href":"https:\/\/alger16.dz\/index.php?rest_route=\/wp\/v2\/types\/post"}],"author":[{"embeddable":true,"href":"https:\/\/alger16.dz\/index.php?rest_route=\/wp\/v2\/users\/3"}],"replies":[{"embeddable":true,"href":"https:\/\/alger16.dz\/index.php?rest_route=%2Fwp%2Fv2%2Fcomments&post=67917"}],"version-history":[{"count":1,"href":"https:\/\/alger16.dz\/index.php?rest_route=\/wp\/v2\/posts\/67917\/revisions"}],"predecessor-version":[{"id":67919,"href":"https:\/\/alger16.dz\/index.php?rest_route=\/wp\/v2\/posts\/67917\/revisions\/67919"}],"wp:featuredmedia":[{"embeddable":true,"href":"https:\/\/alger16.dz\/index.php?rest_route=\/wp\/v2\/media\/67918"}],"wp:attachment":[{"href":"https:\/\/alger16.dz\/index.php?rest_route=%2Fwp%2Fv2%2Fmedia&parent=67917"}],"wp:term":[{"taxonomy":"category","embeddable":true,"href":"https:\/\/alger16.dz\/index.php?rest_route=%2Fwp%2Fv2%2Fcategories&post=67917"},{"taxonomy":"post_tag","embeddable":true,"href":"https:\/\/alger16.dz\/index.php?rest_route=%2Fwp%2Fv2%2Ftags&post=67917"}],"curies":[{"name":"wp","href":"https:\/\/api.w.org\/{rel}","templated":true}]}}