{"id":67943,"date":"2026-09-05T19:00:00","date_gmt":"2026-09-05T19:00:00","guid":{"rendered":"https:\/\/alger16.dz\/?p=67943"},"modified":"2026-09-05T19:36:32","modified_gmt":"2026-09-05T19:36:32","slug":"suite-aux-derniers-incendies-a-jijel-routes-et-infrastructures-les-operations-de-deblaiement-et-de-remise-en-etat-se-poursuivent","status":"publish","type":"post","link":"https:\/\/alger16.dz\/?p=67943","title":{"rendered":"Suite aux derniers incendies \u00e0 Jijel : routes et infrastructures les op\u00e9rations de d\u00e9blaiement et de remise en \u00e9tat se poursuivent"},"content":{"rendered":"\n<figure class=\"wp-block-image size-full\"><img loading=\"lazy\" decoding=\"async\" width=\"864\" height=\"648\" src=\"https:\/\/alger16.dz\/wp-content\/uploads\/2026\/09\/jijel-1.jpg\" alt=\"\" class=\"wp-image-67947\" srcset=\"https:\/\/alger16.dz\/wp-content\/uploads\/2026\/09\/jijel-1.jpg 864w, https:\/\/alger16.dz\/wp-content\/uploads\/2026\/09\/jijel-1-300x225.jpg 300w, https:\/\/alger16.dz\/wp-content\/uploads\/2026\/09\/jijel-1-768x576.jpg 768w\" sizes=\"auto, (max-width: 864px) 100vw, 864px\" \/><\/figure>\n\n\n\n<p class=\"wp-block-paragraph\"><strong>Le minist\u00e8re des Travaux publics et des Infrastructures de base a indiqu\u00e9, vendredi dernier, dans un communiqu\u00e9, que les op\u00e9rations de d\u00e9blaiement des r\u00e9sidus des derniers feux de for\u00eat et de prise en charge des dommages constat\u00e9s sur le r\u00e9seau routier et ses infrastructures dans la wilaya de Jijel se poursuivent dans le but de r\u00e9tablir progressivement la situation et d\u2019assurer la s\u00e9curit\u00e9 des usagers.<\/strong><\/p>\n\n\n\n<p class=\"wp-block-paragraph\">Cette op\u00e9ration est men\u00e9e conform\u00e9ment aux orientations du pr\u00e9sident de la R\u00e9publique, M. Abdelmadjid Tebboune, donn\u00e9es lors de la r\u00e9union du 30 ao\u00fbt 2026, ainsi qu\u2019aux directives du Premier ministre, M. Sifi Ghrieb, et en application des mesures et proc\u00e9dures d\u2019urgence approuv\u00e9es par le ministre des Travaux publics et des Infrastructures de base, M. Abdelkader Djellaoui. Dans ce contexte, d\u2019importants moyens \u00ab humains et mat\u00e9riels \u00bb ont \u00e9t\u00e9 mobilis\u00e9s, notamment plus de 600 agents et cadres, ainsi que 100 engins de diff\u00e9rents types. Les capacit\u00e9s d\u2019intervention ont \u00e9galement \u00e9t\u00e9 renforc\u00e9es dans le cadre de la campagne de solidarit\u00e9 inter-wilayas, avec la participation des Directions des travaux publics des wilayas de Mila, S\u00e9tif et Constantine, en compl\u00e9ment des moyens mobilis\u00e9s localement par la Direction des travaux publics de la wilaya de Jijel et des institutions sectorielles, telles que l\u2019Entreprise de g\u00e9nie urbain de la ville d\u2019Alger (EGUVA) et l\u2019Entreprise nationale des panneaux de signalisation (ENPS). \u00c0 cet \u00e9gard, les op\u00e9rations de nettoyage et d\u2019enl\u00e8vement des d\u00e9bris issus des incendies se poursuivent, notamment le d\u00e9blaiement des restes d\u2019arbres, de la terre et autres d\u00e9chets en bordure des routes, dans les foss\u00e9s de drainage et les canaux, sur un tron\u00e7on d\u2019environ 95 kilom\u00e8tres.<br>Ce tron\u00e7on englobe plusieurs zones touch\u00e9es, dont la route nationale 43, sur 10 kilom\u00e8tres, depuis la sortie de la commune d\u2019El Ancer jusqu\u2019\u00e0 la limite administrative de la commune d\u2019El Milia, en passant par les localit\u00e9s de la zone 55, El Ouanza, A\u00efn Bouziane, El Arraba et Bounas. Il concerne \u00e9galement le chemin de wilaya (CW) n\u00b0137, sur 20 kilom\u00e8tres, traversant les localit\u00e9s d\u2019El Reggada Es-Soufla, Meredj-Youssef, El Hamara, Taksfet, Merghane et Kiafa, pour atteindre la commune de Selma- Benziada. L\u2019op\u00e9ration concerne \u00e9galement le CW n\u00b0135B, sur un tron\u00e7on de 20 kilom\u00e8tres partant d\u2019El Ancer et traversant Bazar, Ed-Dereg et El Mahraqa, pour atteindre la limite administrative de la commune de Bouraoui Belhadef. La route nationale 77 est \u00e9galement concern\u00e9e, sur un tron\u00e7on de 8 kilom\u00e8tres traversant les localit\u00e9s de Kaous, Oum Thelane, El Khezina, El Merfed, Texenna, le centre de Reggada Es-Soufla, Chtitet et Ouled Cheikh Beni Feredj, jusqu\u2019\u00e0 la limite administrative de la commune de Djimla. Le CW n\u00b0135C, sur une distance de 15 kilom\u00e8tres reliant Djemaa Beni H&rsquo;bibi \u00e0 la limite administrative de la commune de Bordj T&rsquo;har, ainsi que le CW n\u00b0135A, sur un tron\u00e7on de 12 kilom\u00e8tres partant de Bordj T&rsquo;har et traversant Ichera, Tagherast et Enchid, jusqu\u2019aux limites administratives de la commune d\u2019Ouled Askeur, sont \u00e9galement concern\u00e9s. Parall\u00e8lement aux op\u00e9rations de nettoyage, les travaux de r\u00e9habilitation et de renouvellement de la signalisation verticale se poursuivent le long des axes routiers concern\u00e9s, notamment les routes nationales 43 et 77 et les chemins de wilaya 135B, 135A et 135C dans les zones susmentionn\u00e9es. Ces travaux contribuent \u00e0 am\u00e9liorer la s\u00e9curit\u00e9 routi\u00e8re et \u00e0 guider les usagers.<br>Par ailleurs, le remplacement de la signalisation horizontale est en cours sur environ 95 kilom\u00e8tres des m\u00eames routes et zones concern\u00e9es. Cette op\u00e9ration contribuera \u00e0 la r\u00e9habilitation des routes, \u00e0 l\u2019am\u00e9lioration des conditions de circulation et \u00e0 la s\u00e9curit\u00e9 des usagers. Dans le cadre des mesures pr\u00e9ventives mises en place en pr\u00e9vision de l\u2019automne et de l\u2019hiver, les travaux de r\u00e9paration des tron\u00e7ons endommag\u00e9s et de renforcement des talus se poursuivent sur le CW 137, au niveau du point kilom\u00e9trique 300+, dans la r\u00e9gion de Texenna. L\u2019op\u00e9ration, qui comprend le nivellement des talus et la construction de sout\u00e8nements en b\u00e9ton, est r\u00e9alis\u00e9e par l\u2019entreprise nationale EGUVA sous la supervision de l\u2019Autorit\u00e9 nationale de contr\u00f4le technique des travaux publics (CTTP). Elle vise \u00e0 r\u00e9duire les risques de glissements de terrain et d\u2019\u00e9rosion et \u00e0 prot\u00e9ger l\u2019infrastructure routi\u00e8re, ainsi que les usagers. Le minist\u00e8re a \u00e9galement confirm\u00e9 que ces op\u00e9rations se poursuivront sur le terrain jusqu\u2019\u00e0 l\u2019enl\u00e8vement de tous les d\u00e9bris issus des incendies, la prise en charge de toutes les zones touch\u00e9es et la r\u00e9habilitation du r\u00e9seau routier, de la signalisation et des infrastructures associ\u00e9es. La coordination entre les diff\u00e9rents d\u00e9partements et institutions concern\u00e9s se poursuivra afin d\u2019assurer le r\u00e9tablissement du r\u00e9seau routier et de ses infrastructures associ\u00e9es dans la wilaya de Jijel.<br>Le minist\u00e8re assure que les op\u00e9rations se poursuivront jusqu\u2019\u00e0 l\u2019enl\u00e8vement de l\u2019ensemble des d\u00e9bris issus des incendies, la prise en charge des zones affect\u00e9es et la r\u00e9habilitation compl\u00e8te du r\u00e9seau routier, de la signalisation et des infrastructures associ\u00e9es.<br>Au-del\u00e0 du retour \u00e0 la normale, le chantier engag\u00e9 \u00e0 Jijel traduit un changement de phase : apr\u00e8s la mobilisation d\u2019urgence pour contenir les cons\u00e9quences des incendies, l\u2019enjeu est celui de la reconstruction et de la r\u00e9silience des infrastructures. La coordination entre les diff\u00e9rents services et institutions concern\u00e9s doit ainsi se poursuivre pour acc\u00e9l\u00e9rer la remise en \u00e9tat des axes endommag\u00e9s et renforcer leur capacit\u00e9 \u00e0 r\u00e9sister aux prochains \u00e9pisodes m\u00e9t\u00e9orologiques. \u00c0 Jijel, l\u2019apr\u00e8s-incendie se joue d\u00e9sormais sur les routes : r\u00e9parer les d\u00e9g\u00e2ts, s\u00e9curiser les axes et surtout \u00e9viter que les m\u00eames infrastructures ne deviennent, quelques mois plus tard, le maillon faible face aux intemp\u00e9ries.<br><strong>Abir Menasria<\/strong><\/p>\n","protected":false},"excerpt":{"rendered":"<p>Le minist\u00e8re des Travaux publics et des Infrastructures de base a indiqu\u00e9, vendredi dernier, dans un communiqu\u00e9, que les op\u00e9rations de d\u00e9blaiement des r\u00e9sidus des derniers feux de for\u00eat et de prise en charge des dommages constat\u00e9s sur le r\u00e9seau routier et ses infrastructures dans la wilaya de Jijel se [&hellip;]<\/p>\n","protected":false},"author":3,"featured_media":67947,"comment_status":"closed","ping_status":"closed","sticky":false,"template":"","format":"standard","meta":{"footnotes":""},"categories":[236,36],"tags":[5705,1681],"class_list":["post-67943","post","type-post","status-publish","format-standard","has-post-thumbnail","hentry","category-a-la-une","category-actualites","tag-incendies","tag-jijel"],"_links":{"self":[{"href":"https:\/\/alger16.dz\/index.php?rest_route=\/wp\/v2\/posts\/67943","targetHints":{"allow":["GET"]}}],"collection":[{"href":"https:\/\/alger16.dz\/index.php?rest_route=\/wp\/v2\/posts"}],"about":[{"href":"https:\/\/alger16.dz\/index.php?rest_route=\/wp\/v2\/types\/post"}],"author":[{"embeddable":true,"href":"https:\/\/alger16.dz\/index.php?rest_route=\/wp\/v2\/users\/3"}],"replies":[{"embeddable":true,"href":"https:\/\/alger16.dz\/index.php?rest_route=%2Fwp%2Fv2%2Fcomments&post=67943"}],"version-history":[{"count":1,"href":"https:\/\/alger16.dz\/index.php?rest_route=\/wp\/v2\/posts\/67943\/revisions"}],"predecessor-version":[{"id":67948,"href":"https:\/\/alger16.dz\/index.php?rest_route=\/wp\/v2\/posts\/67943\/revisions\/67948"}],"wp:featuredmedia":[{"embeddable":true,"href":"https:\/\/alger16.dz\/index.php?rest_route=\/wp\/v2\/media\/67947"}],"wp:attachment":[{"href":"https:\/\/alger16.dz\/index.php?rest_route=%2Fwp%2Fv2%2Fmedia&parent=67943"}],"wp:term":[{"taxonomy":"category","embeddable":true,"href":"https:\/\/alger16.dz\/index.php?rest_route=%2Fwp%2Fv2%2Fcategories&post=67943"},{"taxonomy":"post_tag","embeddable":true,"href":"https:\/\/alger16.dz\/index.php?rest_route=%2Fwp%2Fv2%2Ftags&post=67943"}],"curies":[{"name":"wp","href":"https:\/\/api.w.org\/{rel}","templated":true}]}}