{"id":67953,"date":"2026-09-05T19:05:00","date_gmt":"2026-09-05T19:05:00","guid":{"rendered":"https:\/\/alger16.dz\/?p=67953"},"modified":"2026-09-05T19:42:48","modified_gmt":"2026-09-05T19:42:48","slug":"selection-nationale-de-football-a-brahim-hemdani-succedea-petkovic","status":"publish","type":"post","link":"https:\/\/alger16.dz\/?p=67953","title":{"rendered":"S\u00e9lection nationale de football \u201cA\u201d : Brahim Hemdani succ\u00e8de\u00e0 Petkovic"},"content":{"rendered":"\n<figure class=\"wp-block-image size-large\"><img loading=\"lazy\" decoding=\"async\" width=\"978\" height=\"662\" src=\"https:\/\/alger16.dz\/wp-content\/uploads\/2026\/09\/Hemdani-edited.jpg\" alt=\"\" class=\"wp-image-67958\" srcset=\"https:\/\/alger16.dz\/wp-content\/uploads\/2026\/09\/Hemdani-edited.jpg 978w, https:\/\/alger16.dz\/wp-content\/uploads\/2026\/09\/Hemdani-edited-300x203.jpg 300w, https:\/\/alger16.dz\/wp-content\/uploads\/2026\/09\/Hemdani-edited-768x520.jpg 768w\" sizes=\"auto, (max-width: 978px) 100vw, 978px\" \/><\/figure>\n\n\n\n<p class=\"wp-block-paragraph\"><strong>Le successeur de Vladimir Petkovic \u00e0 la t\u00eate de la s\u00e9lection nationale premi\u00e8re de football est d\u00e9sormais connu. Il s\u2019agit de l\u2019ex-international alg\u00e9rien Brahim Hemdani qui a \u00e9t\u00e9 propuls\u00e9 sur le devant de la sc\u00e8ne, apr\u00e8s sa r\u00e9cente cons\u00e9cration avec la s\u00e9lection des U21, rentr\u00e9e la semaine derni\u00e8re avec la m\u00e9daille d\u2019or des Jeux m\u00e9diterran\u00e9ens de Tarente.<\/strong><\/p>\n\n\n\n<p class=\"wp-block-paragraph\">La F\u00e9d\u00e9ration alg\u00e9rienne de football a donc fini par trancher sur la question du nouveau s\u00e9lectionneur national, hier, lors de la r\u00e9union de son bureau f\u00e9d\u00e9ral qui se penchait sur le sujet. Apr\u00e8s plusieurs tergiversations, l\u2019instance f\u00e9d\u00e9rale tient donc enfin son technicien qui m\u00e8nera, du moins dans l\u2019imm\u00e9diat, la s\u00e9lection nationale, press\u00e9e par les \u00e9ch\u00e9ances des \u00e9liminatoires de la prochaine Coupe d\u2019Afrique qui pointent d\u00e9j\u00e0 du nez. Et ce sera l\u2019ex- international, ancien soci\u00e9taire de l\u2019O Marseille et des Glasgow Rangers, Brahim Hemdani. L\u2019option n\u2019est pas des meilleures, au vu du v\u00e9cu tr\u00e8s limit\u00e9 sur le banc du nouveau intronis\u00e9, mais elle n\u2019est pas des plus d\u00e9cri\u00e9es non plus. Le nouveau patron des Verts dispose, en effet, d\u2019un CV assez \u00e9toff\u00e9 pour pr\u00e9tendre \u00e0 une telle confiance. Ancien footballeur accompli, il a c\u00f4toy\u00e9 le haut niveau, il n\u2019a jamais rechign\u00e9 \u00e0 rejoindre la s\u00e9lection en tant que joueur professionnel au moment o\u00f9 d\u2019autres faisaient du chi-chi \u00e0 l\u2019appel, et il a les dipl\u00f4mes qu\u2019il faut, avec un UEFA Pro s\u2019il vous pla\u00eet en poche. Pas de probl\u00e8me de langue non plus, puisqu\u2019il ma\u00eetrise, le tamazight, l\u2019arabe, le fran\u00e7ais et l\u2019anglais. Et cerise sur le g\u00e2teau, il vient d\u2019offrir \u00e0 l\u2019Alg\u00e9rie sa deuxi\u00e8me m\u00e9daille d\u2019or aux Jeux m\u00e9diterran\u00e9ens, apr\u00e8s 51 ans de disette. En fait, si sa d\u00e9signation \u00e0 la t\u00eate des U21 pour ce dernier tournoi de Tarente, en Italie, \u00e9tait un test, Brahim Hemdani l\u2019a r\u00e9ussi avec fracas. A d\u00e9faut, Hemdani est comme tomb\u00e9 du ciel au bon moment pour offrir la solution propice \u00e0 la FAF qui semble avoir eu beaucoup de mal \u00e0 d\u00e9nicher un s\u00e9lectionneur. En effet, dire que l\u2019ex-international \u00e9tait la piste privil\u00e9gi\u00e9e de la FAF, il y a quelques jours, serait vraiment un gros mensonge, car il \u00e9tait de notori\u00e9t\u00e9 publique que la f\u00e9d\u00e9ration alg\u00e9rienne \u00e9tait sur plusieurs options de s\u00e9lectionneurs \u00e9trangers qui ont fini par se refroidir l\u2019une apr\u00e8s l\u2019autre.<\/p>\n\n\n\n<p class=\"wp-block-paragraph\">ANTAR YAHIA ADJOINT ET SAIB MOUSSA MANAGER G\u00e9N\u00e9RAL<br>En off, il se dit que la proposition de Brahim Hemdani a \u00e9t\u00e9 surtout soutenue par le directeur technique national Ali Moucer. Et face au d\u00e9veloppement de la situation \u00e0 son avantage, le pr\u00e9sident de la FAF, Walid Sadi, qui dans un premier temps a bien fait para\u00eetre son penchant pour l\u2019\u00e9cole espagnole, a fini par valider cette option. Nomm\u00e9 dans un premier temps, en juillet dernier, \u00e0 la t\u00eate des U20, Hemdani fut par la suite charg\u00e9 de mission pour emmener les U21 aux Jeux de Tarente et le voil\u00e0 d\u00e9sormais au port\u00e9 au cap supr\u00eame de l\u2019\u00e9quipe premi\u00e8re qui s\u2019appr\u00eate \u00e0 entamer les \u00e9liminatoires de la CAN 2027. Il faut dire que son profil de technicien \u00ablocal\u00bb, port\u00e9 par l\u2019ambition, et sa connaissance du vestiaire, rompt de mani\u00e8re flagrante avec cette tendance, jusque-l\u00e0 privil\u00e9gi\u00e9e par la FAF, de viser de grands noms sur la sc\u00e8ne mondiale, dont la derni\u00e8re exp\u00e9rience avec Petkovic s\u2019est av\u00e9r\u00e9e infructueuse m\u00eame si le Suisse a atteint les objectifs qui lui ont \u00e9t\u00e9 fix\u00e9s. Mais l\u00e0, c\u2019est une autre histoire. D\u00e9sormais, c\u2019est donc le retour aux sources avec des l\u00e9gendes bien de chez nous. Car en plus de Hemdani, \u00e0 ses c\u00f4t\u00e9s, il aura deux autres noms, plut\u00f4t deux fr\u00e8res de sang, qui ne sont pas \u00e0 pr\u00e9senter non plus, avec Antar Yahia, le h\u00e9ros d\u2019Oum Dorman comme adjoint, et Moussa Saib, comme manager g\u00e9n\u00e9ral de la s\u00e9lection. Un trio qui fait partie de la cr\u00e8me de l\u2019histoire r\u00e9cente du football alg\u00e9rien, d\u00e9sormais charg\u00e9 d\u2019ouvrir une nouvelle page pour la balle ronde nationale.<br><strong>Djaffar Chilab<\/strong><\/p>\n","protected":false},"excerpt":{"rendered":"<p>Le successeur de Vladimir Petkovic \u00e0 la t\u00eate de la s\u00e9lection nationale premi\u00e8re de football est d\u00e9sormais connu. Il s\u2019agit de l\u2019ex-international alg\u00e9rien Brahim Hemdani qui a \u00e9t\u00e9 propuls\u00e9 sur le devant de la sc\u00e8ne, apr\u00e8s sa r\u00e9cente cons\u00e9cration avec la s\u00e9lection des U21, rentr\u00e9e la semaine derni\u00e8re avec la [&hellip;]<\/p>\n","protected":false},"author":3,"featured_media":67958,"comment_status":"closed","ping_status":"closed","sticky":false,"template":"","format":"standard","meta":{"footnotes":""},"categories":[236,61],"tags":[5767,1983,4469],"class_list":["post-67953","post","type-post","status-publish","format-standard","has-post-thumbnail","hentry","category-a-la-une","category-sport","tag-brahim-hemdani","tag-equipe-nationale","tag-petkovic"],"_links":{"self":[{"href":"https:\/\/alger16.dz\/index.php?rest_route=\/wp\/v2\/posts\/67953","targetHints":{"allow":["GET"]}}],"collection":[{"href":"https:\/\/alger16.dz\/index.php?rest_route=\/wp\/v2\/posts"}],"about":[{"href":"https:\/\/alger16.dz\/index.php?rest_route=\/wp\/v2\/types\/post"}],"author":[{"embeddable":true,"href":"https:\/\/alger16.dz\/index.php?rest_route=\/wp\/v2\/users\/3"}],"replies":[{"embeddable":true,"href":"https:\/\/alger16.dz\/index.php?rest_route=%2Fwp%2Fv2%2Fcomments&post=67953"}],"version-history":[{"count":1,"href":"https:\/\/alger16.dz\/index.php?rest_route=\/wp\/v2\/posts\/67953\/revisions"}],"predecessor-version":[{"id":67959,"href":"https:\/\/alger16.dz\/index.php?rest_route=\/wp\/v2\/posts\/67953\/revisions\/67959"}],"wp:featuredmedia":[{"embeddable":true,"href":"https:\/\/alger16.dz\/index.php?rest_route=\/wp\/v2\/media\/67958"}],"wp:attachment":[{"href":"https:\/\/alger16.dz\/index.php?rest_route=%2Fwp%2Fv2%2Fmedia&parent=67953"}],"wp:term":[{"taxonomy":"category","embeddable":true,"href":"https:\/\/alger16.dz\/index.php?rest_route=%2Fwp%2Fv2%2Fcategories&post=67953"},{"taxonomy":"post_tag","embeddable":true,"href":"https:\/\/alger16.dz\/index.php?rest_route=%2Fwp%2Fv2%2Ftags&post=67953"}],"curies":[{"name":"wp","href":"https:\/\/api.w.org\/{rel}","templated":true}]}}