{"id":67964,"date":"2026-09-05T20:00:03","date_gmt":"2026-09-05T20:00:03","guid":{"rendered":"https:\/\/alger16.dz\/?p=67964"},"modified":"2026-09-05T20:00:04","modified_gmt":"2026-09-05T20:00:04","slug":"sensibilisation-forte-affluence-aux-portes-ouvertes-sur-la-rationalisation-de-lelectricite-a-mascara","status":"publish","type":"post","link":"https:\/\/alger16.dz\/?p=67964","title":{"rendered":"SENSIBILISATION : forte affluence aux portes ouvertes sur la rationalisation de l\u2019\u00e9lectricit\u00e9 \u00e0 Mascara"},"content":{"rendered":"\n<figure class=\"wp-block-image size-full\"><img loading=\"lazy\" decoding=\"async\" width=\"739\" height=\"415\" src=\"https:\/\/alger16.dz\/wp-content\/uploads\/2026\/09\/images-6.jpg\" alt=\"\" class=\"wp-image-67971\" srcset=\"https:\/\/alger16.dz\/wp-content\/uploads\/2026\/09\/images-6.jpg 739w, https:\/\/alger16.dz\/wp-content\/uploads\/2026\/09\/images-6-300x168.jpg 300w\" sizes=\"auto, (max-width: 739px) 100vw, 739px\" \/><\/figure>\n\n\n\n<p class=\"wp-block-paragraph\">Les portes ouvertes sur la rationalisation de la consommation d\u2019\u00e9lectricit\u00e9, organis\u00e9es, jeudi dernier, \u00e0 la recette principale d\u2019Alg\u00e9rie Poste, au centre-ville de Mascara, ont enregistr\u00e9 une forte affluence. Initi\u00e9e par la Direction de distribution de l\u2019\u00e9lectricit\u00e9 et du gaz de Sonelgaz, en coordination avec Alg\u00e9rie Poste, la manifestation a permis aux usagers de s\u2019informer sur les bonnes pratiques pour r\u00e9duire leur consommation et pr\u00e9server le r\u00e9seau durant les p\u00e9riodes de pointe.<br>Des cadres de Sonelgaz ont anim\u00e9 des rencontres de proximit\u00e9 et pr\u00e9sent\u00e9 des supports de sensibilisation, notamment sur l\u2019utilisation \u00e9conomique des climatiseurs lors des fortes chaleurs. Selon la charg\u00e9e de l\u2019information de Sonelgaz, Latifa Abdelouahab, des actions similaires seront organis\u00e9es prochainement dans les principales recettes postales des 16 da\u00efras de la wilaya.<\/p>\n","protected":false},"excerpt":{"rendered":"<p>Les portes ouvertes sur la rationalisation de la consommation d\u2019\u00e9lectricit\u00e9, organis\u00e9es, jeudi dernier, \u00e0 la recette principale d\u2019Alg\u00e9rie Poste, au centre-ville de Mascara, ont enregistr\u00e9 une forte affluence. Initi\u00e9e par la Direction de distribution de l\u2019\u00e9lectricit\u00e9 et du gaz de Sonelgaz, en coordination avec Alg\u00e9rie Poste, la manifestation a permis [&hellip;]<\/p>\n","protected":false},"author":3,"featured_media":67971,"comment_status":"closed","ping_status":"closed","sticky":false,"template":"","format":"standard","meta":{"footnotes":""},"categories":[36],"tags":[3424,80],"class_list":["post-67964","post","type-post","status-publish","format-standard","has-post-thumbnail","hentry","category-actualites","tag-electricite-2","tag-mascara"],"_links":{"self":[{"href":"https:\/\/alger16.dz\/index.php?rest_route=\/wp\/v2\/posts\/67964","targetHints":{"allow":["GET"]}}],"collection":[{"href":"https:\/\/alger16.dz\/index.php?rest_route=\/wp\/v2\/posts"}],"about":[{"href":"https:\/\/alger16.dz\/index.php?rest_route=\/wp\/v2\/types\/post"}],"author":[{"embeddable":true,"href":"https:\/\/alger16.dz\/index.php?rest_route=\/wp\/v2\/users\/3"}],"replies":[{"embeddable":true,"href":"https:\/\/alger16.dz\/index.php?rest_route=%2Fwp%2Fv2%2Fcomments&post=67964"}],"version-history":[{"count":1,"href":"https:\/\/alger16.dz\/index.php?rest_route=\/wp\/v2\/posts\/67964\/revisions"}],"predecessor-version":[{"id":67972,"href":"https:\/\/alger16.dz\/index.php?rest_route=\/wp\/v2\/posts\/67964\/revisions\/67972"}],"wp:featuredmedia":[{"embeddable":true,"href":"https:\/\/alger16.dz\/index.php?rest_route=\/wp\/v2\/media\/67971"}],"wp:attachment":[{"href":"https:\/\/alger16.dz\/index.php?rest_route=%2Fwp%2Fv2%2Fmedia&parent=67964"}],"wp:term":[{"taxonomy":"category","embeddable":true,"href":"https:\/\/alger16.dz\/index.php?rest_route=%2Fwp%2Fv2%2Fcategories&post=67964"},{"taxonomy":"post_tag","embeddable":true,"href":"https:\/\/alger16.dz\/index.php?rest_route=%2Fwp%2Fv2%2Ftags&post=67964"}],"curies":[{"name":"wp","href":"https:\/\/api.w.org\/{rel}","templated":true}]}}