{"id":67967,"date":"2026-09-05T19:55:43","date_gmt":"2026-09-05T19:55:43","guid":{"rendered":"https:\/\/alger16.dz\/?p=67967"},"modified":"2026-09-05T19:55:44","modified_gmt":"2026-09-05T19:55:44","slug":"conference-mondiale-des-jeunes-parlementaires-de-luip-les-algeriens-portent-leurs-messages-a-samarcande","status":"publish","type":"post","link":"https:\/\/alger16.dz\/?p=67967","title":{"rendered":"Conf\u00e9rence mondiale des jeunes parlementaires de l\u2019UIP : Les Alg\u00e9riens portent leurs messages \u00e0 Samarcande"},"content":{"rendered":"\n<figure class=\"wp-block-image size-full\"><img loading=\"lazy\" decoding=\"async\" width=\"774\" height=\"468\" src=\"https:\/\/alger16.dz\/wp-content\/uploads\/2026\/09\/s.jpg\" alt=\"\" class=\"wp-image-67968\" srcset=\"https:\/\/alger16.dz\/wp-content\/uploads\/2026\/09\/s.jpg 774w, https:\/\/alger16.dz\/wp-content\/uploads\/2026\/09\/s-300x181.jpg 300w, https:\/\/alger16.dz\/wp-content\/uploads\/2026\/09\/s-767x464.jpg 767w\" sizes=\"auto, (max-width: 774px) 100vw, 774px\" \/><\/figure>\n\n\n\n<p class=\"wp-block-paragraph\">Lors de la 12e Conf\u00e9rence mondiale des jeunes parlementaires de l\u2019Union interparlementaire (UIP), inaugur\u00e9e vendredi dernier \u00e0 Samarcande, en Ouzb\u00e9kistan, le Conseil de la Nation, repr\u00e9sent\u00e9 par des jeunes parlementaire, a mis en avant, la n\u00e9cessit\u00e9 de faire respecter le droit international des droits de l\u2019Homme et le droit international humanitaire sans s\u00e9lectivit\u00e9, tout en d\u00e9fendant une approche globale des crises, a indiqu\u00e9 un communiqu\u00e9 du Conseil.<br>A cet \u00e9gard, et intervenant lors d\u2019une session consacr\u00e9e \u00e0 la pr\u00e9servation des droits des jeunes en temps de crise, le pr\u00e9sident du groupe parlementaire du Front El Moustakbal au Conseil de la Nation, Issam Nechma, a estim\u00e9 qu\u2019il \u00e9tait impossible de parler de dignit\u00e9 \u00absans \u00e9voquer la souffrance des jeunes palestiniens, notamment \u00e0 Ghaza \u00bb.<br>Il a d\u00e9nonc\u00e9 le ciblage des jeunes en p\u00e9riode de conflit, qualifi\u00e9 de \u00ab tendance criminelle \u00e9tudi\u00e9e \u00bb, estimant que cette pratique vise notamment \u00e0 entraver leur capacit\u00e9 \u00e0 participer \u00e0 la construction de la paix et \u00e0 compromettre leur avenir.<br>L\u2019intervention alg\u00e9rienne a \u00e9galement port\u00e9 sur la situation au Sahel. M. Nechma a soulign\u00e9 que la paix dans cette r\u00e9gion n\u00e9cessite une approche combinant coop\u00e9ration s\u00e9curitaire et processus global de r\u00e8glement des conflits. Il a r\u00e9affirm\u00e9 que l\u2019Alg\u00e9rie, sous la direction du pr\u00e9sident de la R\u00e9publique, Abdelmadjid Tebboune, demeure engag\u00e9e dans la d\u00e9fense des causes justes, notamment les causes palestinienne et sahraouie.<br>La participation alg\u00e9rienne s\u2019est \u00e9galement distingu\u00e9e sur la question des changements climatiques. Youcef Boukoucha a pr\u00e9sent\u00e9 l\u2019approche alg\u00e9rienne en mati\u00e8re de protection de l\u2019environnement. Il a rappel\u00e9 que cette protection est consacr\u00e9e par la Constitution alg\u00e9rienne adopt\u00e9e le 1er novembre 2020, \u00e0 travers l\u2019int\u00e9gration des consid\u00e9rations environnementales dans le d\u00e9veloppement \u00e9conomique, ainsi que des dispositions relatives \u00e0 la protection de l\u2019environnement et \u00e0 l\u2019utilisation rationnelle et durable des ressources naturelles au profit des g\u00e9n\u00e9rations futures. Cet important \u00e9v\u00e9nement r\u00e9unit des jeunes parlementaires issus de plus de 53 Parlements membres de l\u2019organisation. La c\u00e9r\u00e9monie d\u2019ouverture a \u00e9t\u00e9 pr\u00e9sid\u00e9e par le pr\u00e9sident de la R\u00e9publique d\u2019Ouzb\u00e9kistan, M. Shavkat Mirziyoyev, en pr\u00e9sence notamment de la pr\u00e9sidente de l\u2019UIP, Tulia Ackson, de la pr\u00e9sidente du S\u00e9nat d\u2019Ouzb\u00e9kistan, Tanzila Narbaeva, et de la secr\u00e9taire g\u00e9n\u00e9rale de l\u2019UIP, Anda Filip.<br>Les travaux portent sur plusieurs enjeux li\u00e9s \u00e0 la jeunesse, notamment la protection des droits des jeunes en temps de conflit et de crise, les droits num\u00e9riques, la r\u00e9silience face aux changements climatiques, la participation parlementaire \u00e0 la r\u00e9alisation des Objectifs de d\u00e9veloppement durable, ainsi que les droits \u00e9conomiques et politiques des jeunes et leur acc\u00e8s \u00e0 l\u2019emploi. La d\u00e9l\u00e9gation alg\u00e9rienne \u00e0 cette rencontre est compos\u00e9e de repr\u00e9sentants des deux chambres du Parlement. Celle de l\u2019Assembl\u00e9e populaire nationale comprend les d\u00e9put\u00e9s Tarioulet Habiba, Belamouri Mohamed El Amin, Hamza Amrane et El-Aichi M\u2019hamed, qui prennent part aux diff\u00e9rentes sessions et aux travaux de la conf\u00e9rence. Au-del\u00e0 des \u00e9changes d\u2019exp\u00e9riences, cette participation permet \u00e0 la d\u00e9l\u00e9gation alg\u00e9rienne de pr\u00e9senter les initiatives nationales destin\u00e9es \u00e0 renforcer la place des jeunes dans la vie politique et parlementaire et \u00e0 promouvoir leur autonomisation. <strong>Abir Menasria<\/strong><\/p>\n","protected":false},"excerpt":{"rendered":"<p>Lors de la 12e Conf\u00e9rence mondiale des jeunes parlementaires de l\u2019Union interparlementaire (UIP), inaugur\u00e9e vendredi dernier \u00e0 Samarcande, en Ouzb\u00e9kistan, le Conseil de la Nation, repr\u00e9sent\u00e9 par des jeunes parlementaire, a mis en avant, la n\u00e9cessit\u00e9 de faire respecter le droit international des droits de l\u2019Homme et le droit international [&hellip;]<\/p>\n","protected":false},"author":3,"featured_media":67968,"comment_status":"closed","ping_status":"closed","sticky":false,"template":"","format":"standard","meta":{"footnotes":""},"categories":[36],"tags":[1205],"class_list":["post-67967","post","type-post","status-publish","format-standard","has-post-thumbnail","hentry","category-actualites","tag-uip"],"_links":{"self":[{"href":"https:\/\/alger16.dz\/index.php?rest_route=\/wp\/v2\/posts\/67967","targetHints":{"allow":["GET"]}}],"collection":[{"href":"https:\/\/alger16.dz\/index.php?rest_route=\/wp\/v2\/posts"}],"about":[{"href":"https:\/\/alger16.dz\/index.php?rest_route=\/wp\/v2\/types\/post"}],"author":[{"embeddable":true,"href":"https:\/\/alger16.dz\/index.php?rest_route=\/wp\/v2\/users\/3"}],"replies":[{"embeddable":true,"href":"https:\/\/alger16.dz\/index.php?rest_route=%2Fwp%2Fv2%2Fcomments&post=67967"}],"version-history":[{"count":1,"href":"https:\/\/alger16.dz\/index.php?rest_route=\/wp\/v2\/posts\/67967\/revisions"}],"predecessor-version":[{"id":67969,"href":"https:\/\/alger16.dz\/index.php?rest_route=\/wp\/v2\/posts\/67967\/revisions\/67969"}],"wp:featuredmedia":[{"embeddable":true,"href":"https:\/\/alger16.dz\/index.php?rest_route=\/wp\/v2\/media\/67968"}],"wp:attachment":[{"href":"https:\/\/alger16.dz\/index.php?rest_route=%2Fwp%2Fv2%2Fmedia&parent=67967"}],"wp:term":[{"taxonomy":"category","embeddable":true,"href":"https:\/\/alger16.dz\/index.php?rest_route=%2Fwp%2Fv2%2Fcategories&post=67967"},{"taxonomy":"post_tag","embeddable":true,"href":"https:\/\/alger16.dz\/index.php?rest_route=%2Fwp%2Fv2%2Ftags&post=67967"}],"curies":[{"name":"wp","href":"https:\/\/api.w.org\/{rel}","templated":true}]}}