{"id":67973,"date":"2026-09-05T20:02:28","date_gmt":"2026-09-05T20:02:28","guid":{"rendered":"https:\/\/alger16.dz\/?p=67973"},"modified":"2026-09-05T20:02:29","modified_gmt":"2026-09-05T20:02:29","slug":"installation-du-nouveau-directeur-general-de-la-radio-nationale","status":"publish","type":"post","link":"https:\/\/alger16.dz\/?p=67973","title":{"rendered":"Installation du nouveau Directeur g\u00e9n\u00e9ral de la Radio nationale"},"content":{"rendered":"\n<figure class=\"wp-block-image size-full\"><img loading=\"lazy\" decoding=\"async\" width=\"900\" height=\"675\" src=\"https:\/\/alger16.dz\/wp-content\/uploads\/2026\/09\/Sans-titre-1.jpg\" alt=\"\" class=\"wp-image-67977\" srcset=\"https:\/\/alger16.dz\/wp-content\/uploads\/2026\/09\/Sans-titre-1.jpg 900w, https:\/\/alger16.dz\/wp-content\/uploads\/2026\/09\/Sans-titre-1-300x225.jpg 300w, https:\/\/alger16.dz\/wp-content\/uploads\/2026\/09\/Sans-titre-1-768x576.jpg 768w\" sizes=\"auto, (max-width: 900px) 100vw, 900px\" \/><\/figure>\n\n\n\n<p class=\"wp-block-paragraph\">Le ministre de la Communication, M. Mohamed Bouslimani, et le conseiller du pr\u00e9sident de la R\u00e9publique charg\u00e9 de la Direction g\u00e9n\u00e9rale de la communication, M. Kamel Sidi Sa\u00efd, ont proc\u00e9d\u00e9, jeudi dernier, \u00e0 l&rsquo;installation du nouveau Directeur g\u00e9n\u00e9ral (DG) de l&rsquo;Etablissement public de radiodiffusion sonore, M. Hicham Allali, en remplacement de M. Adel Salakdji.<br>La c\u00e9r\u00e9monie d&rsquo;installation s&rsquo;est d\u00e9roul\u00e9e en pr\u00e9sence des Directeurs g\u00e9n\u00e9raux des \u00e9tablissements publics du secteur de l&rsquo;information et de la communication, ainsi que des cadres de la Radio nationale.<br>Le nouveau DG de la Radio nationale avait auparavant occup\u00e9 plusieurs postes de responsabilit\u00e9 dans le domaine de l&rsquo;information et de la communication.<\/p>\n","protected":false},"excerpt":{"rendered":"<p>Le ministre de la Communication, M. Mohamed Bouslimani, et le conseiller du pr\u00e9sident de la R\u00e9publique charg\u00e9 de la Direction g\u00e9n\u00e9rale de la communication, M. Kamel Sidi Sa\u00efd, ont proc\u00e9d\u00e9, jeudi dernier, \u00e0 l&rsquo;installation du nouveau Directeur g\u00e9n\u00e9ral (DG) de l&rsquo;Etablissement public de radiodiffusion sonore, M. Hicham Allali, en remplacement [&hellip;]<\/p>\n","protected":false},"author":3,"featured_media":67977,"comment_status":"closed","ping_status":"closed","sticky":false,"template":"","format":"standard","meta":{"footnotes":""},"categories":[36],"tags":[],"class_list":["post-67973","post","type-post","status-publish","format-standard","has-post-thumbnail","hentry","category-actualites"],"_links":{"self":[{"href":"https:\/\/alger16.dz\/index.php?rest_route=\/wp\/v2\/posts\/67973","targetHints":{"allow":["GET"]}}],"collection":[{"href":"https:\/\/alger16.dz\/index.php?rest_route=\/wp\/v2\/posts"}],"about":[{"href":"https:\/\/alger16.dz\/index.php?rest_route=\/wp\/v2\/types\/post"}],"author":[{"embeddable":true,"href":"https:\/\/alger16.dz\/index.php?rest_route=\/wp\/v2\/users\/3"}],"replies":[{"embeddable":true,"href":"https:\/\/alger16.dz\/index.php?rest_route=%2Fwp%2Fv2%2Fcomments&post=67973"}],"version-history":[{"count":1,"href":"https:\/\/alger16.dz\/index.php?rest_route=\/wp\/v2\/posts\/67973\/revisions"}],"predecessor-version":[{"id":67978,"href":"https:\/\/alger16.dz\/index.php?rest_route=\/wp\/v2\/posts\/67973\/revisions\/67978"}],"wp:featuredmedia":[{"embeddable":true,"href":"https:\/\/alger16.dz\/index.php?rest_route=\/wp\/v2\/media\/67977"}],"wp:attachment":[{"href":"https:\/\/alger16.dz\/index.php?rest_route=%2Fwp%2Fv2%2Fmedia&parent=67973"}],"wp:term":[{"taxonomy":"category","embeddable":true,"href":"https:\/\/alger16.dz\/index.php?rest_route=%2Fwp%2Fv2%2Fcategories&post=67973"},{"taxonomy":"post_tag","embeddable":true,"href":"https:\/\/alger16.dz\/index.php?rest_route=%2Fwp%2Fv2%2Ftags&post=67973"}],"curies":[{"name":"wp","href":"https:\/\/api.w.org\/{rel}","templated":true}]}}