{"id":67982,"date":"2026-09-05T20:12:42","date_gmt":"2026-09-05T20:12:42","guid":{"rendered":"https:\/\/alger16.dz\/?p=67982"},"modified":"2026-09-05T20:12:42","modified_gmt":"2026-09-05T20:12:42","slug":"numerisation-et-protection-sociale-carte-sociale-nationale-le-projet-avance","status":"publish","type":"post","link":"https:\/\/alger16.dz\/?p=67982","title":{"rendered":"Num\u00e9risation et protection sociale, carte sociale nationale : le projet avance"},"content":{"rendered":"\n<figure class=\"wp-block-image size-large\"><img loading=\"lazy\" decoding=\"async\" width=\"1024\" height=\"768\" src=\"https:\/\/alger16.dz\/wp-content\/uploads\/2026\/09\/meriem-1024x768.jpg\" alt=\"\" class=\"wp-image-67986\" srcset=\"https:\/\/alger16.dz\/wp-content\/uploads\/2026\/09\/meriem-1024x768.jpg 1024w, https:\/\/alger16.dz\/wp-content\/uploads\/2026\/09\/meriem-300x225.jpg 300w, https:\/\/alger16.dz\/wp-content\/uploads\/2026\/09\/meriem-768x576.jpg 768w, https:\/\/alger16.dz\/wp-content\/uploads\/2026\/09\/meriem.jpg 1080w\" sizes=\"auto, (max-width: 1024px) 100vw, 1024px\" \/><\/figure>\n\n\n\n<p class=\"wp-block-paragraph\">Le projet de carte sociale nationale franchit une nouvelle \u00e9tape. La haut-commissaire \u00e0 la num\u00e9risation, Meriem Benmouloud, a pr\u00e9sid\u00e9, jeudi dernier, au si\u00e8ge du Haut-Commissariat, la cinqui\u00e8me r\u00e9union du groupe de travail charg\u00e9 de d\u00e9finir les indicateurs et les donn\u00e9es devant servir de base \u00e0 cette future plateforme nationale, a indiqu\u00e9, vendredi dernier, un communiqu\u00e9 du Haut-Commissariat \u00e0 la num\u00e9risation.<br>Cette rencontre s\u2019inscrit dans le cadre de la mise en \u0153uvre des instructions du pr\u00e9sident de la R\u00e9publique, Abdelmadjid Tebboune, formul\u00e9es lors du Conseil des ministres du 21 juin dernier. Le Haut-Commissariat \u00e0 la num\u00e9risation avait alors \u00e9t\u00e9 charg\u00e9 d\u2019\u00e9laborer une carte sociale nationale destin\u00e9e \u00e0 servir de r\u00e9f\u00e9rence pour appuyer la d\u00e9cision publique.<br>Les travaux ont permis de faire le point sur l\u2019avancement du plan de travail. Les participants ont \u00e9galement examin\u00e9 le syst\u00e8me d\u2019information consacr\u00e9 \u00e0 cette carte. Celui-ci comprend notamment un r\u00e9f\u00e9rentiel national des aides, un r\u00e9f\u00e9rentiel national de l\u2019individu, ainsi qu\u2019un tableau de bord d\u00e9velopp\u00e9 par le Haut-Commissariat en coordination avec les diff\u00e9rents secteurs concern\u00e9s. La r\u00e9union a \u00e9galement \u00e9t\u00e9 consacr\u00e9e \u00e0 la pr\u00e9paration des prochaines \u00e9tapes du projet, avec un accent particulier mis sur l\u2019acc\u00e9l\u00e9ration des travaux et le renforcement de la coordination entre les diff\u00e9rents secteurs impliqu\u00e9s.<br>\u00c0 terme, la carte sociale nationale doit permettre de r\u00e9unir les donn\u00e9es sociales au sein d\u2019une base int\u00e9gr\u00e9e. Elle devrait ainsi contribuer \u00e0 am\u00e9liorer l\u2019orientation du soutien social, \u00e0 renforcer la justice sociale et \u00e0 rendre les politiques publiques plus efficaces au profit des citoyens.<br>La mise en place de cet outil devrait, enfin, permettre aux pouvoirs publics de disposer d\u2019une meilleure connaissance des r\u00e9alit\u00e9s sociales et d\u2019adapter davantage leurs d\u00e9cisions aux besoins des citoyens.<br>Z. Bouzid<\/p>\n","protected":false},"excerpt":{"rendered":"<p>Le projet de carte sociale nationale franchit une nouvelle \u00e9tape. La haut-commissaire \u00e0 la num\u00e9risation, Meriem Benmouloud, a pr\u00e9sid\u00e9, jeudi dernier, au si\u00e8ge du Haut-Commissariat, la cinqui\u00e8me r\u00e9union du groupe de travail charg\u00e9 de d\u00e9finir les indicateurs et les donn\u00e9es devant servir de base \u00e0 cette future plateforme nationale, a [&hellip;]<\/p>\n","protected":false},"author":3,"featured_media":0,"comment_status":"closed","ping_status":"closed","sticky":false,"template":"","format":"standard","meta":{"footnotes":""},"categories":[36],"tags":[6087],"class_list":["post-67982","post","type-post","status-publish","format-standard","hentry","category-actualites","tag-protection-sociale"],"_links":{"self":[{"href":"https:\/\/alger16.dz\/index.php?rest_route=\/wp\/v2\/posts\/67982","targetHints":{"allow":["GET"]}}],"collection":[{"href":"https:\/\/alger16.dz\/index.php?rest_route=\/wp\/v2\/posts"}],"about":[{"href":"https:\/\/alger16.dz\/index.php?rest_route=\/wp\/v2\/types\/post"}],"author":[{"embeddable":true,"href":"https:\/\/alger16.dz\/index.php?rest_route=\/wp\/v2\/users\/3"}],"replies":[{"embeddable":true,"href":"https:\/\/alger16.dz\/index.php?rest_route=%2Fwp%2Fv2%2Fcomments&post=67982"}],"version-history":[{"count":1,"href":"https:\/\/alger16.dz\/index.php?rest_route=\/wp\/v2\/posts\/67982\/revisions"}],"predecessor-version":[{"id":67987,"href":"https:\/\/alger16.dz\/index.php?rest_route=\/wp\/v2\/posts\/67982\/revisions\/67987"}],"wp:attachment":[{"href":"https:\/\/alger16.dz\/index.php?rest_route=%2Fwp%2Fv2%2Fmedia&parent=67982"}],"wp:term":[{"taxonomy":"category","embeddable":true,"href":"https:\/\/alger16.dz\/index.php?rest_route=%2Fwp%2Fv2%2Fcategories&post=67982"},{"taxonomy":"post_tag","embeddable":true,"href":"https:\/\/alger16.dz\/index.php?rest_route=%2Fwp%2Fv2%2Ftags&post=67982"}],"curies":[{"name":"wp","href":"https:\/\/api.w.org\/{rel}","templated":true}]}}