{"id":67985,"date":"2026-09-05T20:14:18","date_gmt":"2026-09-05T20:14:18","guid":{"rendered":"https:\/\/alger16.dz\/?p=67985"},"modified":"2026-09-05T20:14:19","modified_gmt":"2026-09-05T20:14:19","slug":"elections-locales-lanie-accelere-les-preparatifs","status":"publish","type":"post","link":"https:\/\/alger16.dz\/?p=67985","title":{"rendered":"Elections locales : l\u2019ANIE acc\u00e9l\u00e8re les pr\u00e9paratifs"},"content":{"rendered":"\n<figure class=\"wp-block-image size-full\"><img loading=\"lazy\" decoding=\"async\" width=\"811\" height=\"540\" src=\"https:\/\/alger16.dz\/wp-content\/uploads\/2026\/09\/Saad-Arous.jpg\" alt=\"\" class=\"wp-image-67989\" srcset=\"https:\/\/alger16.dz\/wp-content\/uploads\/2026\/09\/Saad-Arous.jpg 811w, https:\/\/alger16.dz\/wp-content\/uploads\/2026\/09\/Saad-Arous-300x200.jpg 300w, https:\/\/alger16.dz\/wp-content\/uploads\/2026\/09\/Saad-Arous-767x511.jpg 767w\" sizes=\"auto, (max-width: 811px) 100vw, 811px\" \/><\/figure>\n\n\n\n<p class=\"wp-block-paragraph\"><strong>\u00c0 quelques semaines des \u00e9lections locales, pr\u00e9vues le 28 novembre prochain, l\u2019Autorit\u00e9 nationale ind\u00e9pendante des \u00e9lections (ANIE) poursuit la mise en place des diff\u00e9rents dispositifs n\u00e9cessaires \u00e0 la tenue de ce rendez-vous \u00e9lectoral. Son Conseil s\u2019est r\u00e9uni, vendredi dernier, sous la pr\u00e9sidence de Saad Arous, afin d\u2019\u00e9valuer l\u2019\u00e9tat d\u2019avancement des op\u00e9rations engag\u00e9es, a indiqu\u00e9 l\u2019Autorit\u00e9 dans un communiqu\u00e9.<\/strong><\/p>\n\n\n\n<p class=\"wp-block-paragraph\">La r\u00e9union a notamment \u00e9t\u00e9 consacr\u00e9e aux derni\u00e8res mesures relatives \u00e0 la r\u00e9vision exceptionnelle des listes \u00e9lectorales, ainsi qu\u2019au suivi de la distribution des documents \u00e9lectoraux \u00e0 travers les diff\u00e9rentes wilayas du pays.<br>Les membres du Conseil ont \u00e9galement examin\u00e9 l\u2019\u00e9tat d\u2019avancement du retrait des formulaires de candidature aupr\u00e8s des si\u00e8ges des coordinateurs de wilaya, en vue d\u2019assurer le bon d\u00e9roulement de cette op\u00e9ration et de faciliter les d\u00e9marches des candidats, conform\u00e9ment aux proc\u00e9dures en vigueur.<br>La situation des coordinateurs de wilaya, install\u00e9s apr\u00e8s avoir pr\u00eat\u00e9 serment, a par ailleurs \u00e9t\u00e9 abord\u00e9e lors de cette rencontre. Les membres du Conseil ont \u00e9galement examin\u00e9 la mise en place de commissions sp\u00e9ciales pr\u00e9sid\u00e9es par des membres de l\u2019ANIE, charg\u00e9es d\u2019assurer le suivi des diff\u00e9rents volets li\u00e9s \u00e0 la pr\u00e9paration du scrutin.<br>Dans ce cadre, Saad Arous a instruit la commission juridique de prendre en charge les pr\u00e9occupations et les interrogations soulev\u00e9es, notamment par les partis politiques, et d\u2019apporter les \u00e9claircissements n\u00e9cessaires au cours de la journ\u00e9e.<br>Cette r\u00e9union intervient alors que l\u2019ANIE entre dans une phase avanc\u00e9e de pr\u00e9paration du scrutin, avec la finalisation progressive des dispositifs administratifs, juridiques et logistiques n\u00e9cessaires \u00e0 son organisation.<br>L\u2019Autorit\u00e9 entend ainsi assurer la coordination des diff\u00e9rentes op\u00e9rations pr\u00e9paratoires et r\u00e9unir les conditions n\u00e9cessaires au bon d\u00e9roulement des \u00e9lections locales pr\u00e9vues le 28 novembre prochain.<br>Au-del\u00e0 du volet logistique, cette phase de pr\u00e9paration constitue une \u00e9tape d\u00e9terminante pour l\u2019ANIE, appel\u00e9e \u00e0 assurer la ma\u00eetrise de l\u2019ensemble du processus \u00e9lectoral jusqu\u2019au jour du scrutin. \u00c0 l\u2019approche du 28 novembre, l\u2019attention se porte d\u00e9sormais sur la finalisation des op\u00e9rations et la mise en place des derni\u00e8res conditions devant garantir un d\u00e9roulement organis\u00e9 et conforme au cadre l\u00e9gal.<br>Zineb Bouzid<\/p>\n","protected":false},"excerpt":{"rendered":"<p>\u00c0 quelques semaines des \u00e9lections locales, pr\u00e9vues le 28 novembre prochain, l\u2019Autorit\u00e9 nationale ind\u00e9pendante des \u00e9lections (ANIE) poursuit la mise en place des diff\u00e9rents dispositifs n\u00e9cessaires \u00e0 la tenue de ce rendez-vous \u00e9lectoral. Son Conseil s\u2019est r\u00e9uni, vendredi dernier, sous la pr\u00e9sidence de Saad Arous, afin d\u2019\u00e9valuer l\u2019\u00e9tat d\u2019avancement des [&hellip;]<\/p>\n","protected":false},"author":3,"featured_media":67989,"comment_status":"closed","ping_status":"closed","sticky":false,"template":"","format":"standard","meta":{"footnotes":""},"categories":[236,36],"tags":[935,6088],"class_list":["post-67985","post","type-post","status-publish","format-standard","has-post-thumbnail","hentry","category-a-la-une","category-actualites","tag-anie","tag-elections-locales"],"_links":{"self":[{"href":"https:\/\/alger16.dz\/index.php?rest_route=\/wp\/v2\/posts\/67985","targetHints":{"allow":["GET"]}}],"collection":[{"href":"https:\/\/alger16.dz\/index.php?rest_route=\/wp\/v2\/posts"}],"about":[{"href":"https:\/\/alger16.dz\/index.php?rest_route=\/wp\/v2\/types\/post"}],"author":[{"embeddable":true,"href":"https:\/\/alger16.dz\/index.php?rest_route=\/wp\/v2\/users\/3"}],"replies":[{"embeddable":true,"href":"https:\/\/alger16.dz\/index.php?rest_route=%2Fwp%2Fv2%2Fcomments&post=67985"}],"version-history":[{"count":1,"href":"https:\/\/alger16.dz\/index.php?rest_route=\/wp\/v2\/posts\/67985\/revisions"}],"predecessor-version":[{"id":67990,"href":"https:\/\/alger16.dz\/index.php?rest_route=\/wp\/v2\/posts\/67985\/revisions\/67990"}],"wp:featuredmedia":[{"embeddable":true,"href":"https:\/\/alger16.dz\/index.php?rest_route=\/wp\/v2\/media\/67989"}],"wp:attachment":[{"href":"https:\/\/alger16.dz\/index.php?rest_route=%2Fwp%2Fv2%2Fmedia&parent=67985"}],"wp:term":[{"taxonomy":"category","embeddable":true,"href":"https:\/\/alger16.dz\/index.php?rest_route=%2Fwp%2Fv2%2Fcategories&post=67985"},{"taxonomy":"post_tag","embeddable":true,"href":"https:\/\/alger16.dz\/index.php?rest_route=%2Fwp%2Fv2%2Ftags&post=67985"}],"curies":[{"name":"wp","href":"https:\/\/api.w.org\/{rel}","templated":true}]}}