{"id":67988,"date":"2026-09-05T19:06:00","date_gmt":"2026-09-05T19:06:00","guid":{"rendered":"https:\/\/alger16.dz\/?p=67988"},"modified":"2026-09-05T20:16:52","modified_gmt":"2026-09-05T20:16:52","slug":"rentree-scolaire-2026-2027-des-instructions-majeures-pour-un-retour-des-classes-reussi","status":"publish","type":"post","link":"https:\/\/alger16.dz\/?p=67988","title":{"rendered":"Rentr\u00e9e scolaire 2026-2027 : Des instructions majeures pour un retour des classes r\u00e9ussi"},"content":{"rendered":"\n<figure class=\"wp-block-image size-large\"><img loading=\"lazy\" decoding=\"async\" width=\"1024\" height=\"576\" src=\"https:\/\/alger16.dz\/wp-content\/uploads\/2026\/09\/rentree-1024x576.jpg\" alt=\"\" class=\"wp-image-67992\" srcset=\"https:\/\/alger16.dz\/wp-content\/uploads\/2026\/09\/rentree-1024x576.jpg 1024w, https:\/\/alger16.dz\/wp-content\/uploads\/2026\/09\/rentree-300x169.jpg 300w, https:\/\/alger16.dz\/wp-content\/uploads\/2026\/09\/rentree-768x432.jpg 768w, https:\/\/alger16.dz\/wp-content\/uploads\/2026\/09\/rentree.jpg 1200w\" sizes=\"auto, (max-width: 1024px) 100vw, 1024px\" \/><\/figure>\n\n\n\n<p class=\"wp-block-paragraph\"><strong>Le ministre de l\u2019\u00c9ducation nationale, Mohammed Seghir Sa\u00e2daoui, a donn\u00e9 des instructions pour acc\u00e9l\u00e9rer la pr\u00e9paration de la rentr\u00e9e scolaire 2026-2027, notamment dans les wilayas touch\u00e9es par les derniers incendies, avec en t\u00eate Jijel, et garantir la r\u00e9habilitation des \u00e9tablissements endommag\u00e9s avant le 10 septembre, a indiqu\u00e9 vendredi dernier un communiqu\u00e9 du minist\u00e8re.<\/strong><\/p>\n\n\n\n<p class=\"wp-block-paragraph\">Lors d\u2019une conf\u00e9rence nationale consacr\u00e9e \u00e0 l\u2019\u00e9tat de pr\u00e9paration du secteur pour la prochaine rentr\u00e9e, tenue jeudi dernier par visioconf\u00e9rence, M. Sa\u00e2daoui a insist\u00e9 sur la n\u00e9cessit\u00e9 d\u2019assurer la \u00ab pleine pr\u00e9paration \u00bb des \u00e9tablissements \u00e9ducatifs afin de garantir une rentr\u00e9e sereine et dans des conditions appropri\u00e9es \u00e0 travers l\u2019ensemble des wilayas. Ces instructions interviennent en application des directives du pr\u00e9sident de la R\u00e9publique, M. Abdelmadjid Tebboune, portant sur la prise en charge rapide et efficace des wilayas touch\u00e9es par les incendies et le retour \u00e0 la normale, ainsi que des orientations du Premier ministre, M. Sifi Ghrieb, formul\u00e9es lors des deux r\u00e9unions minist\u00e9rielles consacr\u00e9es \u00e0 cette situation. Dans ce cadre, le ministre a insist\u00e9 sur \u00ab le suivi de la situation des \u00e9tablissements \u00e9ducatifs dans les wilayas touch\u00e9es \u00bb, notamment les 23 \u00e9tablissements recens\u00e9s dans la wilaya de Jijel et les six \u00e9tablissements de la wilaya de B\u00e9ja\u00efa. Il a appel\u00e9 \u00e0 coordonner les efforts avec les services du logement pour prendre en charge les dommages structurels et engager les op\u00e9rations de r\u00e9habilitation n\u00e9cessaires. Il a \u00e9galement ordonn\u00e9 l\u2019intensification des efforts et la mobilisation des travailleurs afin d\u2019achever les travaux et d\u2019assurer la livraison compl\u00e8te des \u00e9tablissements concern\u00e9s avant le 10 septembre. M. Sa\u00e2daoui a appel\u00e9 \u00e0 \u00ab travailler en coordination avec les walis et toutes les parties concern\u00e9es par l\u2019op\u00e9ration, afin de fournir un soutien et un accompagnement psychologique, p\u00e9dagogique, social et mat\u00e9riel aux \u00e9l\u00e8ves et aux employ\u00e9s touch\u00e9s et d\u2019associer tous les employ\u00e9s du secteur dans les wilayas touch\u00e9es \u00bb.<br>Une attention particuli\u00e8re devra \u00e9galement \u00eatre accord\u00e9e aux familles sinistr\u00e9es accueillies dans certains \u00e9tablissements \u00e9ducatifs transform\u00e9s en centres d\u2019h\u00e9bergement.<\/p>\n\n\n\n<p class=\"wp-block-paragraph\"><strong>Infrastructures, recrutement et manuels scolaires<br><\/strong>Le ministre a \u00e9galement insist\u00e9 sur la n\u00e9cessit\u00e9 de \u00ab r\u00e9sorber le retard enregistr\u00e9 dans l\u2019ensemble des wilayas en mati\u00e8re de r\u00e9alisation des programmes d\u2019infrastructures \u00e9ducatives pour les ann\u00e9es 2024 et 2025 et d\u2019acc\u00e9l\u00e9rer la mise en \u0153uvre du programme de l\u2019ann\u00e9e 2026 \u00bb.<br>S\u2019agissant du concours de recrutement sur titre des enseignants, dont les r\u00e9sultats ont \u00e9t\u00e9 annonc\u00e9s r\u00e9cemment, M. Sa\u00e2daoui a appel\u00e9 \u00e0 \u00ab achever, dans les meilleurs d\u00e9lais, toutes les op\u00e9rations y aff\u00e9rentes, afin de permettre le lancement d\u2019autres op\u00e9rations, notamment l\u2019ouverture des permutations \u00bb. Il a \u00e9galement soulign\u00e9 l\u2019importance du \u00ab strict respect de l\u2019application du statut g\u00e9n\u00e9ral de la Fonction publique et des textes r\u00e9glementaires y aff\u00e9rents concernant la nomination et l\u2019installation des laur\u00e9ats, ainsi que l\u2019activation de la liste d\u2019attente\u00bb. Par ailleurs, le directeur g\u00e9n\u00e9ral de l\u2019Office national des publications scolaires (ONPS) a pr\u00e9sent\u00e9 un expos\u00e9 sur l\u2019op\u00e9ration de distribution des manuels scolaires. Il a fait \u00e9tat de \u00ab la mise \u00e0 disposition de plus de 80 millions de manuels \u00e0 l\u2019\u00e9chelle nationale, dont 30 millions destin\u00e9s \u00e0 l\u2019op\u00e9ration de distribution gratuite et plus de 26 millions destin\u00e9s \u00e0 la vente \u00bb. Dans ce cadre, le ministre a insist\u00e9 sur la \u00ab n\u00e9cessit\u00e9 de garantir la disponibilit\u00e9 du manuel scolaire en quantit\u00e9 suffisante et de rapprocher les points de vente des citoyens, tout en accordant l\u2019importance requise \u00e0 la mise \u00e0 disposition des manuels au profit des personnes aux besoins sp\u00e9cifiques (d\u00e9ficients visuels) \u00bb. Concernant la \u00abSemaine de la sant\u00e9 scolaire \u00bb, qui sera organis\u00e9e au d\u00e9but de l\u2019ann\u00e9e scolaire, M. Sa\u00e2daoui a annonc\u00e9 l\u2019\u00ab\u00e9largissement de l\u2019op\u00e9ration de distribution de produits de sant\u00e9 aux \u00e9l\u00e8ves \u00e0 travers les diff\u00e9rentes wilayas du pays, en collaboration avec le minist\u00e8re de l\u2019Industrie pharmaceutique et les op\u00e9rateurs \u00e9conomiques \u00bb.<br>Il a, en outre, pr\u00e9conis\u00e9 \u00ab l\u2019adoption d\u2019un r\u00e8glement int\u00e9rieur unifi\u00e9 applicable dans l\u2019ensemble des \u00e9tablissements \u00e9ducatifs \u00bb et appel\u00e9 au \u00ab lancement d\u2019une vaste campagne nationale de nettoyage de tous les \u00e9tablissements scolaires durant la p\u00e9riode allant du 6 au 17 septembre courant \u00bb. \u00c0 l\u2019entame de la conf\u00e9rence, \u00e0 laquelle ont pris part des cadres de l\u2019administration centrale, le directeur de l\u2019Office national des examens et concours (ONEC), le directeur g\u00e9n\u00e9ral de l\u2019ONPS, les directeurs de l\u2019\u00e9ducation et les directeurs d\u00e9l\u00e9gu\u00e9s, une minute de silence a \u00e9t\u00e9 observ\u00e9e et la Fatiha r\u00e9cit\u00e9e \u00e0 la m\u00e9moire des victimes des incendies. M. Sa\u00e2daoui a ensuite pr\u00e9sent\u00e9 ses sinc\u00e8res condol\u00e9ances et exprim\u00e9 sa profonde compassion aux familles et aux proches des victimes.<br>Au terme de la conf\u00e9rence, le ministre a salu\u00e9 \u00ab le haut sens patriotique et le grand \u00e9lan de solidarit\u00e9 dont ont fait preuve les personnels et cadres du secteur, ainsi que les travailleurs b\u00e9n\u00e9voles sur le terrain, et leur mobilisation spontan\u00e9e pour \u00e9quiper les \u00e9tablissements et r\u00e9parer les d\u00e9g\u00e2ts \u00bb, r\u00e9it\u00e9rant son engagement \u00e0 assurer \u00abun suivi quotidien et rigoureux de tous les d\u00e9veloppements \u00bb. \u00c0 l\u2019approche de la rentr\u00e9e, le secteur de l\u2019\u00c9ducation entend ainsi concentrer ses efforts sur la remise en \u00e9tat des \u00e9tablissements touch\u00e9s et l\u2019accompagnement des \u00e9l\u00e8ves et des familles sinistr\u00e9es, afin que les cons\u00e9quences des incendies ne viennent pas perturber le retour en classe et que la rentr\u00e9e scolaire puisse se d\u00e9rouler dans les meilleures conditions.<br>G. Salah Eddine<\/p>\n\n\n\n<p class=\"wp-block-paragraph\">R\u00e9union du Conseil ex\u00e9cutif de la wilaya d\u2019Alger<br><strong>SUIVI DES PR\u00e9PARATIFS DE LA RENTR\u00e9E scolaire<\/strong><\/p>\n\n\n\n<p class=\"wp-block-paragraph\">Alger se pr\u00e9pare \u00e0 accueillir les \u00e9l\u00e8ves dans de meilleures conditions \u00e0 l\u2019occasion de la rentr\u00e9e scolaire, avec la mise en service prochaine de 35 nouveaux \u00e9tablissements \u00e9ducatifs et de 97 classes d\u2019extension, ainsi que le renforcement des dispositifs li\u00e9s au transport, \u00e0 la restauration et \u00e0 l\u2019accompagnement des \u00e9l\u00e8ves \u00e0 besoins sp\u00e9cifiques. Ces pr\u00e9paratifs ont \u00e9t\u00e9 au centre d\u2019une r\u00e9union du Conseil ex\u00e9cutif de la wilaya d\u2019Alger tenue, jeudi dernier, sous la pr\u00e9sidence du ministre et wali d\u2019Alger, Mohamed Abdenour Rabehi, indique un communiqu\u00e9.<br>La r\u00e9union a permis de passer en revue l\u2019\u00e9tat d\u2019avancement des diff\u00e9rents pr\u00e9paratifs, notamment dans le secteur de l\u2019\u00e9ducation. Les nouveaux \u00e9tablissements et les classes d\u2019extension devraient contribuer \u00e0 r\u00e9duire la surcharge des classes et \u00e0 am\u00e9liorer les conditions de scolarisation.<br>Les discussions ont \u00e9galement port\u00e9 sur les services d\u2019accompagnement, notamment le transport scolaire, le chauffage et la restauration. L\u2019allocation sp\u00e9ciale de scolarit\u00e9 a, pour sa part, \u00e9t\u00e9 vers\u00e9e \u00e0 l\u2019ensemble des b\u00e9n\u00e9ficiaires, en juillet dernier.<br>\u00c0 cette occasion, M. Rabehi a instruit les responsables concern\u00e9s de finaliser la distribution des cartables scolaires aux \u00e9l\u00e8ves b\u00e9n\u00e9ficiaires. Il a \u00e9galement insist\u00e9 sur la propret\u00e9 des \u00e9tablissements et de leurs abords, ainsi que sur l\u2019installation de la signalisation verticale et horizontale et des ralentisseurs \u00e0 proximit\u00e9 des \u00e9coles.<br>Les walis d\u00e9l\u00e9gu\u00e9s ont, de leur c\u00f4t\u00e9, \u00e9t\u00e9 appel\u00e9s \u00e0 travailler en coordination avec les pr\u00e9sidents des Assembl\u00e9es populaires communales (APC) et les diff\u00e9rents secteurs concern\u00e9s afin de r\u00e9unir les conditions n\u00e9cessaires \u00e0 une rentr\u00e9e scolaire r\u00e9ussie.<br>Une attention particuli\u00e8re sera \u00e9galement accord\u00e9e aux enfants \u00e0 besoins sp\u00e9cifiques. Les diff\u00e9rents services de la wilaya, notamment la Direction de l\u2019action sociale et de la solidarit\u00e9 (DASS) et l\u2019\u00e9tablissement Presco, ont \u00e9t\u00e9 mobilis\u00e9s pour assurer leur accompagnement.<br>Alger compte actuellement 25 centres d\u00e9di\u00e9s \u00e0 cette cat\u00e9gorie, dont six ont \u00e9t\u00e9 mis en service durant la pr\u00e9c\u00e9dente ann\u00e9e scolaire. Deux nouveaux centres sont \u00e9galement pr\u00e9vus \u00e0 Mohammadia et R\u00e9gha\u00efa. Ils s\u2019inscrivent dans l\u2019objectif de disposer, \u00e0 terme, d\u2019un centre psychop\u00e9dagogique dans chaque circonscription administrative.<br>Par ailleurs, des travaux sont en cours pour am\u00e9nager des classes adapt\u00e9es aux enfants atteints de xeroderma pigmentosum, commun\u00e9ment appel\u00e9s \u00abenfants de la lune \u00bb. Ces am\u00e9nagements visent \u00e0 leur garantir un environnement scolaire adapt\u00e9 \u00e0 leur situation particuli\u00e8re.<br>Enfin, 20 march\u00e9s de proximit\u00e9 consacr\u00e9s \u00e0 la vente de fournitures scolaires ont \u00e9t\u00e9 am\u00e9nag\u00e9s dans 19 communes. Leur ouverture officielle a d\u00e9but\u00e9, hier, offrant aux familles une possibilit\u00e9 suppl\u00e9mentaire de se procurer les articles n\u00e9cessaires \u00e0 la rentr\u00e9e \u00e0 proximit\u00e9 de leur lieu de r\u00e9sidence.<br>Avec ces mesures, la wilaya d\u2019Alger entend assurer une rentr\u00e9e mieux pr\u00e9par\u00e9e et offrir aux \u00e9l\u00e8ves un cadre scolaire plus adapt\u00e9 et s\u00e9curis\u00e9.<br>Zineb Bouzid<\/p>\n","protected":false},"excerpt":{"rendered":"<p>Le ministre de l\u2019\u00c9ducation nationale, Mohammed Seghir Sa\u00e2daoui, a donn\u00e9 des instructions pour acc\u00e9l\u00e9rer la pr\u00e9paration de la rentr\u00e9e scolaire 2026-2027, notamment dans les wilayas touch\u00e9es par les derniers incendies, avec en t\u00eate Jijel, et garantir la r\u00e9habilitation des \u00e9tablissements endommag\u00e9s avant le 10 septembre, a indiqu\u00e9 vendredi dernier un [&hellip;]<\/p>\n","protected":false},"author":3,"featured_media":67992,"comment_status":"closed","ping_status":"closed","sticky":false,"template":"","format":"standard","meta":{"footnotes":""},"categories":[236,36],"tags":[5213],"class_list":["post-67988","post","type-post","status-publish","format-standard","has-post-thumbnail","hentry","category-a-la-une","category-actualites","tag-rentree-scolaire-2026-2027"],"_links":{"self":[{"href":"https:\/\/alger16.dz\/index.php?rest_route=\/wp\/v2\/posts\/67988","targetHints":{"allow":["GET"]}}],"collection":[{"href":"https:\/\/alger16.dz\/index.php?rest_route=\/wp\/v2\/posts"}],"about":[{"href":"https:\/\/alger16.dz\/index.php?rest_route=\/wp\/v2\/types\/post"}],"author":[{"embeddable":true,"href":"https:\/\/alger16.dz\/index.php?rest_route=\/wp\/v2\/users\/3"}],"replies":[{"embeddable":true,"href":"https:\/\/alger16.dz\/index.php?rest_route=%2Fwp%2Fv2%2Fcomments&post=67988"}],"version-history":[{"count":1,"href":"https:\/\/alger16.dz\/index.php?rest_route=\/wp\/v2\/posts\/67988\/revisions"}],"predecessor-version":[{"id":67993,"href":"https:\/\/alger16.dz\/index.php?rest_route=\/wp\/v2\/posts\/67988\/revisions\/67993"}],"wp:featuredmedia":[{"embeddable":true,"href":"https:\/\/alger16.dz\/index.php?rest_route=\/wp\/v2\/media\/67992"}],"wp:attachment":[{"href":"https:\/\/alger16.dz\/index.php?rest_route=%2Fwp%2Fv2%2Fmedia&parent=67988"}],"wp:term":[{"taxonomy":"category","embeddable":true,"href":"https:\/\/alger16.dz\/index.php?rest_route=%2Fwp%2Fv2%2Fcategories&post=67988"},{"taxonomy":"post_tag","embeddable":true,"href":"https:\/\/alger16.dz\/index.php?rest_route=%2Fwp%2Fv2%2Ftags&post=67988"}],"curies":[{"name":"wp","href":"https:\/\/api.w.org\/{rel}","templated":true}]}}