{"id":67994,"date":"2026-09-05T20:19:06","date_gmt":"2026-09-05T20:19:06","guid":{"rendered":"https:\/\/alger16.dz\/?p=67994"},"modified":"2026-09-05T20:19:07","modified_gmt":"2026-09-05T20:19:07","slug":"journees-du-cinema-contemporain-alger-accueille-une-premiere-edition-riche-en-rencontres","status":"publish","type":"post","link":"https:\/\/alger16.dz\/?p=67994","title":{"rendered":"Journ\u00e9es du cin\u00e9ma contemporain : Alger accueille une premi\u00e8re \u00e9dition riche en rencontres"},"content":{"rendered":"\n<figure class=\"wp-block-image size-full\"><img loading=\"lazy\" decoding=\"async\" width=\"526\" height=\"385\" src=\"https:\/\/alger16.dz\/wp-content\/uploads\/2026\/09\/cinema-edited.jpg\" alt=\"\" class=\"wp-image-67996\" srcset=\"https:\/\/alger16.dz\/wp-content\/uploads\/2026\/09\/cinema-edited.jpg 526w, https:\/\/alger16.dz\/wp-content\/uploads\/2026\/09\/cinema-edited-300x220.jpg 300w\" sizes=\"auto, (max-width: 526px) 100vw, 526px\" \/><\/figure>\n\n\n\n<p class=\"wp-block-paragraph\">Les Journ\u00e9es du cin\u00e9ma contemporain d\u2019Alger ont donn\u00e9, hier, le coup d\u2019envoi de leur premi\u00e8re \u00e9dition, qui se poursuivra jusqu\u2019au 10 septembre prochain, avec une programmation destin\u00e9e au public, aux cin\u00e9astes, aux professeurs et aux stagiaires. Cette premi\u00e8re \u00e9dition propose un programme riche et vari\u00e9, r\u00e9unissant des projections de films nationaux et internationaux, ainsi que des ateliers de formation et des s\u00e9minaires intellectuels. Ces rencontres r\u00e9unissent professeurs et cin\u00e9astes autour d\u2019\u00e9change d\u2019exp\u00e9riences et de r\u00e9flexions sur les nouvelles perspectives de la cr\u00e9ation et de la formation dans le domaine cin\u00e9matographique. \u00c0 travers cette programmation, les organisateurs entendent offrir un espace de rencontre et d\u2019\u00e9change entre les diff\u00e9rents acteurs du secteur, tout en favorisant la transmission des connaissances et l\u2019\u00e9mergence de nouvelles approches dans le domaine du cin\u00e9ma. La programmation, ainsi que la liste des invit\u00e9s et des stagiaires sont d\u00e9sormais arr\u00eat\u00e9es et restent inchang\u00e9es tout au long de cette premi\u00e8re \u00e9dition. Les organisateurs souhaitent ainsi faire de cette premi\u00e8re \u00e9dition un rendez-vous r\u00e9ussi et bien organis\u00e9, offrant aux participants et au public une exp\u00e9rience cin\u00e9matographique riche \u00e0 la hauteur de l\u2019\u00e9v\u00e9nement et des attentes du public.<br><strong>A. Menasria<\/strong><\/p>\n","protected":false},"excerpt":{"rendered":"<p>Les Journ\u00e9es du cin\u00e9ma contemporain d\u2019Alger ont donn\u00e9, hier, le coup d\u2019envoi de leur premi\u00e8re \u00e9dition, qui se poursuivra jusqu\u2019au 10 septembre prochain, avec une programmation destin\u00e9e au public, aux cin\u00e9astes, aux professeurs et aux stagiaires. Cette premi\u00e8re \u00e9dition propose un programme riche et vari\u00e9, r\u00e9unissant des projections de films [&hellip;]<\/p>\n","protected":false},"author":3,"featured_media":67996,"comment_status":"closed","ping_status":"closed","sticky":false,"template":"","format":"standard","meta":{"footnotes":""},"categories":[40],"tags":[254],"class_list":["post-67994","post","type-post","status-publish","format-standard","has-post-thumbnail","hentry","category-culture","tag-cinema"],"_links":{"self":[{"href":"https:\/\/alger16.dz\/index.php?rest_route=\/wp\/v2\/posts\/67994","targetHints":{"allow":["GET"]}}],"collection":[{"href":"https:\/\/alger16.dz\/index.php?rest_route=\/wp\/v2\/posts"}],"about":[{"href":"https:\/\/alger16.dz\/index.php?rest_route=\/wp\/v2\/types\/post"}],"author":[{"embeddable":true,"href":"https:\/\/alger16.dz\/index.php?rest_route=\/wp\/v2\/users\/3"}],"replies":[{"embeddable":true,"href":"https:\/\/alger16.dz\/index.php?rest_route=%2Fwp%2Fv2%2Fcomments&post=67994"}],"version-history":[{"count":1,"href":"https:\/\/alger16.dz\/index.php?rest_route=\/wp\/v2\/posts\/67994\/revisions"}],"predecessor-version":[{"id":67997,"href":"https:\/\/alger16.dz\/index.php?rest_route=\/wp\/v2\/posts\/67994\/revisions\/67997"}],"wp:featuredmedia":[{"embeddable":true,"href":"https:\/\/alger16.dz\/index.php?rest_route=\/wp\/v2\/media\/67996"}],"wp:attachment":[{"href":"https:\/\/alger16.dz\/index.php?rest_route=%2Fwp%2Fv2%2Fmedia&parent=67994"}],"wp:term":[{"taxonomy":"category","embeddable":true,"href":"https:\/\/alger16.dz\/index.php?rest_route=%2Fwp%2Fv2%2Fcategories&post=67994"},{"taxonomy":"post_tag","embeddable":true,"href":"https:\/\/alger16.dz\/index.php?rest_route=%2Fwp%2Fv2%2Ftags&post=67994"}],"curies":[{"name":"wp","href":"https:\/\/api.w.org\/{rel}","templated":true}]}}