{"id":67998,"date":"2026-09-05T20:21:52","date_gmt":"2026-09-05T20:21:52","guid":{"rendered":"https:\/\/alger16.dz\/?p=67998"},"modified":"2026-09-05T20:21:52","modified_gmt":"2026-09-05T20:21:52","slug":"apres-les-incendies-une-caravane-culturelle-pour-accompagner-les-populations-sinistrees","status":"publish","type":"post","link":"https:\/\/alger16.dz\/?p=67998","title":{"rendered":"Apr\u00e8s les incendies : Une caravane culturelle pour accompagner les populations sinistr\u00e9es"},"content":{"rendered":"\n<figure class=\"wp-block-image size-full\"><img loading=\"lazy\" decoding=\"async\" width=\"844\" height=\"788\" src=\"https:\/\/alger16.dz\/wp-content\/uploads\/2026\/09\/benbouda.jpg\" alt=\"\" class=\"wp-image-68002\" srcset=\"https:\/\/alger16.dz\/wp-content\/uploads\/2026\/09\/benbouda.jpg 844w, https:\/\/alger16.dz\/wp-content\/uploads\/2026\/09\/benbouda-300x280.jpg 300w, https:\/\/alger16.dz\/wp-content\/uploads\/2026\/09\/benbouda-768x717.jpg 768w\" sizes=\"auto, (max-width: 844px) 100vw, 844px\" \/><\/figure>\n\n\n\n<p class=\"wp-block-paragraph\"><strong>La ministre de la Culture et des Arts, Malika Bendouda, a dirig\u00e9, jeudi pass\u00e9, \u00e0 Alger, le d\u00e9but d&rsquo;une caravane culturelle de solidarit\u00e9, s&rsquo;inscrivant dans le cadre du programme culturel solidaire \u00ab Caravanes de la culture \u00bb, en soutien aux familles et populations affect\u00e9es par les derniers incendies ayant touch\u00e9 certaines wilayas du centre et de l&rsquo;est du pays.<\/strong><\/p>\n\n\n\n<p class=\"wp-block-paragraph\">Apr\u00e8s avoir lanc\u00e9 la caravane \u00e0 travers les wilayas de Jijel, B\u00e9ja\u00efa, Skikda et Tizi-Ouzou depuis le Palais de la culture Moufdi-Zakaria, la ministre a expliqu\u00e9 que cette action, plac\u00e9e sous le th\u00e8me \u00ab Main dans la main, une Alg\u00e9rie unie \u00bb, vise \u00e0 aider \u00e0 att\u00e9nuer les effets de ces incendies sur les populations et soutenir les enfants comme les adultes dans la gestion du traumatisme psychologique r\u00e9sultant de cet effet.<br>Mme Bendouda a mis en avant que la caravane accorde une importance cruciale et particuli\u00e8rement aux enfants, proposant plus de 24.000 jeux p\u00e9dagogiques et divertissants, ainsi qu&rsquo;environ 20.000 livres, sans oublier l&rsquo;intervention des biblioth\u00e8ques mobiles.<br>Elle a pr\u00e9cis\u00e9 que cette d\u00e9marche s&rsquo;inscrit dans l&rsquo;effort de concr\u00e9tisation et de renforcement des valeurs de solidarit\u00e9 et d&rsquo;entraide que manifeste le peuple alg\u00e9rien, consid\u00e9r\u00e9 comme des valeurs civilisationnelles profond\u00e9ment enracin\u00e9es . Elle a \u00e9galement not\u00e9 que cette initiative illustre le r\u00f4le de la culture dans l&rsquo;accompagnement \u00e0 la soci\u00e9t\u00e9 en temps de crise, tout en aidant \u00e0 en r\u00e9duire les effets.<br>La caravane est compos\u00e9e de camions remplis de livres et de jeux p\u00e9dagogiques, ainsi que de contributions et de soutiens rassembl\u00e9s par les diverses directions culturelles \u00e0 l&rsquo;\u00e9chelle nationale. Elle b\u00e9n\u00e9ficie d&rsquo;une grande implication d&rsquo;artistes, d&rsquo;intellectuels, d&rsquo;intervenants du milieu culturel et d&rsquo;organisations culturelles et artistiques.<br>Abir Menasria<\/p>\n","protected":false},"excerpt":{"rendered":"<p>La ministre de la Culture et des Arts, Malika Bendouda, a dirig\u00e9, jeudi pass\u00e9, \u00e0 Alger, le d\u00e9but d&rsquo;une caravane culturelle de solidarit\u00e9, s&rsquo;inscrivant dans le cadre du programme culturel solidaire \u00ab Caravanes de la culture \u00bb, en soutien aux familles et populations affect\u00e9es par les derniers incendies ayant touch\u00e9 [&hellip;]<\/p>\n","protected":false},"author":3,"featured_media":68002,"comment_status":"closed","ping_status":"closed","sticky":false,"template":"","format":"standard","meta":{"footnotes":""},"categories":[40],"tags":[5705,4110],"class_list":["post-67998","post","type-post","status-publish","format-standard","has-post-thumbnail","hentry","category-culture","tag-incendies","tag-malika-bendouda"],"_links":{"self":[{"href":"https:\/\/alger16.dz\/index.php?rest_route=\/wp\/v2\/posts\/67998","targetHints":{"allow":["GET"]}}],"collection":[{"href":"https:\/\/alger16.dz\/index.php?rest_route=\/wp\/v2\/posts"}],"about":[{"href":"https:\/\/alger16.dz\/index.php?rest_route=\/wp\/v2\/types\/post"}],"author":[{"embeddable":true,"href":"https:\/\/alger16.dz\/index.php?rest_route=\/wp\/v2\/users\/3"}],"replies":[{"embeddable":true,"href":"https:\/\/alger16.dz\/index.php?rest_route=%2Fwp%2Fv2%2Fcomments&post=67998"}],"version-history":[{"count":1,"href":"https:\/\/alger16.dz\/index.php?rest_route=\/wp\/v2\/posts\/67998\/revisions"}],"predecessor-version":[{"id":68003,"href":"https:\/\/alger16.dz\/index.php?rest_route=\/wp\/v2\/posts\/67998\/revisions\/68003"}],"wp:featuredmedia":[{"embeddable":true,"href":"https:\/\/alger16.dz\/index.php?rest_route=\/wp\/v2\/media\/68002"}],"wp:attachment":[{"href":"https:\/\/alger16.dz\/index.php?rest_route=%2Fwp%2Fv2%2Fmedia&parent=67998"}],"wp:term":[{"taxonomy":"category","embeddable":true,"href":"https:\/\/alger16.dz\/index.php?rest_route=%2Fwp%2Fv2%2Fcategories&post=67998"},{"taxonomy":"post_tag","embeddable":true,"href":"https:\/\/alger16.dz\/index.php?rest_route=%2Fwp%2Fv2%2Ftags&post=67998"}],"curies":[{"name":"wp","href":"https:\/\/api.w.org\/{rel}","templated":true}]}}