{"id":68008,"date":"2026-09-05T20:37:25","date_gmt":"2026-09-05T20:37:25","guid":{"rendered":"https:\/\/alger16.dz\/?p=68008"},"modified":"2026-09-05T20:37:25","modified_gmt":"2026-09-05T20:37:25","slug":"transferts-adem-ounas-signe-a-al-gharafa-du-qatar","status":"publish","type":"post","link":"https:\/\/alger16.dz\/?p=68008","title":{"rendered":"TRANSFERTS : Adem Ounas signe \u00e0 Al Gharafa du Qatar"},"content":{"rendered":"\n<figure class=\"wp-block-image size-large\"><img loading=\"lazy\" decoding=\"async\" width=\"917\" height=\"596\" src=\"https:\/\/alger16.dz\/wp-content\/uploads\/2026\/09\/Ounas.jpg-edited.webp\" alt=\"\" class=\"wp-image-68013\" srcset=\"https:\/\/alger16.dz\/wp-content\/uploads\/2026\/09\/Ounas.jpg-edited.webp 917w, https:\/\/alger16.dz\/wp-content\/uploads\/2026\/09\/Ounas.jpg-edited-300x195.webp 300w, https:\/\/alger16.dz\/wp-content\/uploads\/2026\/09\/Ounas.jpg-edited-768x499.webp 768w\" sizes=\"auto, (max-width: 917px) 100vw, 917px\" \/><\/figure>\n\n\n\n<p class=\"wp-block-paragraph\">L\u2019international alg\u00e9rien Adam Ounas, longtemps pressenti pour une exp\u00e9rience en Ligue, notamment sous les couleurs du MC Alger, a finalement trouv\u00e9 son bonheur ailleurs. En effet, les pourparlers entre le manager du joueur et la direction du Mouloudia avaient m\u00eame beaucoup avanc\u00e9, avant que tout ne s\u2019arr\u00eate, les deux parties ayant but\u00e9 sur l\u2019aspect financier. Finalement, moins d\u2019une semaine apr\u00e8s, voil\u00e0 qu\u2019Adam Ounas a \u00e9t\u00e9 pr\u00e9sent\u00e9 par le club qatari d\u2019Al Gharafa comme nouveau signataire. L\u2019annonce a \u00e9t\u00e9 faite, vendredi dernier, par l\u2019\u00e9quipe qatarie. \u00c2g\u00e9 de 29 ans, Ounas a sign\u00e9 pour une saison avec option de renouveler le bail \u00e0 son arriv\u00e9e \u00e0 terme. Sur place, Adam ne risque pas d\u2019\u00eatre d\u00e9pays\u00e9, puisqu\u2019il retrouvera son ex-co\u00e9quipier chez les Verts, Yacine Brahimi. Il faut dire aussi qu\u2019Adam Ounas ne d\u00e9couvrira pas le championnat qatari puisqu\u2019il y \u00e9volue depuis un certain temps d\u00e9j\u00e0. Al Gharafa sera son 4e club qatari, apr\u00e8s Al Sadd, Al Sailiya et Al Shamal, dont il a d\u00e9j\u00e0 port\u00e9 les couleurs.<\/p>\n\n\n\n<p class=\"wp-block-paragraph\"><strong>Messoussa atterrit au RFC Seraing (D2 belge)<br><\/strong>Le joueur a constitu\u00e9 la derni\u00e8re transaction effectu\u00e9e par le MC Alger lors du dernier mercato cl\u00f4tur\u00e9 le 31 ao\u00fbt dernier. Amine Messoussa, le d\u00e9sormais ex-attaquant du Doyen, avait r\u00e9sili\u00e9 son contrat au soir m\u00eame de l\u2019expiration du d\u00e9lai des transferts d\u2019intersaison localement sans signer avec un autre club alg\u00e9rien. Finalement, il savait bien ce qu\u2019il faisait. Vendredi dernier, il a rejoint officiellement le club belge du RFC Seraing engag\u00e9 dans le championnat local de la Division 2. Apr\u00e8s avoir conclu une s\u00e9paration \u00e0 l\u2019amiable avec le MC Alger, il a donc rejoint son nouveau club libre de tout engagement. Amine Messoussa a sign\u00e9 au RFC Seraing un contrat d\u2019une ann\u00e9e avec option de renouvellement pour une saison suppl\u00e9mentaire. Djaffar C.<\/p>\n","protected":false},"excerpt":{"rendered":"<p>L\u2019international alg\u00e9rien Adam Ounas, longtemps pressenti pour une exp\u00e9rience en Ligue, notamment sous les couleurs du MC Alger, a finalement trouv\u00e9 son bonheur ailleurs. En effet, les pourparlers entre le manager du joueur et la direction du Mouloudia avaient m\u00eame beaucoup avanc\u00e9, avant que tout ne s\u2019arr\u00eate, les deux parties [&hellip;]<\/p>\n","protected":false},"author":3,"featured_media":68013,"comment_status":"closed","ping_status":"closed","sticky":false,"template":"","format":"standard","meta":{"footnotes":""},"categories":[61],"tags":[379],"class_list":["post-68008","post","type-post","status-publish","format-standard","has-post-thumbnail","hentry","category-sport","tag-football"],"_links":{"self":[{"href":"https:\/\/alger16.dz\/index.php?rest_route=\/wp\/v2\/posts\/68008","targetHints":{"allow":["GET"]}}],"collection":[{"href":"https:\/\/alger16.dz\/index.php?rest_route=\/wp\/v2\/posts"}],"about":[{"href":"https:\/\/alger16.dz\/index.php?rest_route=\/wp\/v2\/types\/post"}],"author":[{"embeddable":true,"href":"https:\/\/alger16.dz\/index.php?rest_route=\/wp\/v2\/users\/3"}],"replies":[{"embeddable":true,"href":"https:\/\/alger16.dz\/index.php?rest_route=%2Fwp%2Fv2%2Fcomments&post=68008"}],"version-history":[{"count":1,"href":"https:\/\/alger16.dz\/index.php?rest_route=\/wp\/v2\/posts\/68008\/revisions"}],"predecessor-version":[{"id":68014,"href":"https:\/\/alger16.dz\/index.php?rest_route=\/wp\/v2\/posts\/68008\/revisions\/68014"}],"wp:featuredmedia":[{"embeddable":true,"href":"https:\/\/alger16.dz\/index.php?rest_route=\/wp\/v2\/media\/68013"}],"wp:attachment":[{"href":"https:\/\/alger16.dz\/index.php?rest_route=%2Fwp%2Fv2%2Fmedia&parent=68008"}],"wp:term":[{"taxonomy":"category","embeddable":true,"href":"https:\/\/alger16.dz\/index.php?rest_route=%2Fwp%2Fv2%2Fcategories&post=68008"},{"taxonomy":"post_tag","embeddable":true,"href":"https:\/\/alger16.dz\/index.php?rest_route=%2Fwp%2Fv2%2Ftags&post=68008"}],"curies":[{"name":"wp","href":"https:\/\/api.w.org\/{rel}","templated":true}]}}