{"id":68019,"date":"2026-09-05T19:00:00","date_gmt":"2026-09-05T19:00:00","guid":{"rendered":"https:\/\/alger16.dz\/?p=68019"},"modified":"2026-09-05T20:52:16","modified_gmt":"2026-09-05T20:52:16","slug":"incendies-de-foret-leurope-face-a-un-ete-hors-normes","status":"publish","type":"post","link":"https:\/\/alger16.dz\/?p=68019","title":{"rendered":"Incendies de for\u00eat : l\u2019Europe face \u00e0 un \u00e9t\u00e9 hors normes"},"content":{"rendered":"\n<figure class=\"wp-block-image size-full\"><img loading=\"lazy\" decoding=\"async\" width=\"678\" height=\"452\" src=\"https:\/\/alger16.dz\/wp-content\/uploads\/2026\/09\/images-8.jpg\" alt=\"\" class=\"wp-image-68020\" srcset=\"https:\/\/alger16.dz\/wp-content\/uploads\/2026\/09\/images-8.jpg 678w, https:\/\/alger16.dz\/wp-content\/uploads\/2026\/09\/images-8-300x200.jpg 300w\" sizes=\"auto, (max-width: 678px) 100vw, 678px\" \/><\/figure>\n\n\n\n<p class=\"wp-block-paragraph\">L\u2019Europe traverse un \u00e9t\u00e9 particuli\u00e8rement marqu\u00e9par les incendies de for\u00eat.Depuis la mi-juin, pr\u00e8s de540.000 hectares ont br\u00fbl\u00e9dans l\u2019Union europ\u00e9enne,dans plus d\u2019un millier defeux, selon le syst\u00e8meeurop\u00e9en d\u2019informationsur les feux de for\u00eat(EFFIS). Au 2 septembre, lebilan depuis le d\u00e9but del\u2019ann\u00e9e atteignait 647.375hectares, soit pr\u00e8s dudouble de la moyenneenregistr\u00e9e entre 2006 et2025.<br>Plus de 80 % de ces surfaces ontbr\u00fbl\u00e9 entre le 18 juin et le 2 septembre, confirmant l\u2019intensit\u00e9 exceptionnelle de la saison estivale. Les donn\u00e9es d\u2019EFFIS ne prennent, par ailleurs, en compte que les incendies ayant d\u00e9truit au moins 30 hectares. La p\u00e9riode la plus critique s\u2019est concentr\u00e9e au<br>coeur de l\u2019\u00e9t\u00e9. Entre le 16 et le 22 juillet, pr\u00e8s de 190.000 hectares ont \u00e9t\u00e9 d\u00e9truits par les flammes dans l\u2019Union europ\u00e9enne, un record hebdomadaire depuis le d\u00e9but des relev\u00e9s d\u2019EFFIS, en 2006. Contrairement aux apparences, juillet s\u2019est ainsi r\u00e9v\u00e9l\u00e9 plus d\u00e9vastateur qu\u2019ao\u00fbt.<br>Plusieurs incendies de tr\u00e8s grande ampleur ont alors frapp\u00e9 le continent, notamment en Espagne et en France, faisant rapidement grimper le bilan annuel. La saison 2026 reste toutefois \u00e0 replacer dans un contexte plus large. L\u2019ann\u00e9e 2025 avait d\u00e9j\u00e0 \u00e9t\u00e9 exceptionnelle, avec pr\u00e8s d\u2019un million d\u2019hectares br\u00fbl\u00e9s dans l\u2019Union europ\u00e9enne, faisant de cette p\u00e9riode l\u2019une des plus destructrices jamais enregistr\u00e9es.<\/p>\n\n\n\n<p class=\"wp-block-paragraph\">L\u2019ESPAGNE EN PREMI\u00c8RE LIGNE<br>L\u2019Espagne concentre, \u00e0 elle seule, une part consid\u00e9rable des d\u00e9g\u00e2ts. Au 2 septembre, 295.720 hectares y avaient br\u00fbl\u00e9, soit environ 46 % du total enregistr\u00e9 dans l\u2019Union europ\u00e9enne.<br>La France a \u00e9galement connu une saison particuli\u00e8rement s\u00e9v\u00e8re, avec plus de 96.000 hectares d\u00e9truits au 26 ao\u00fbt. Les incendies y ont aussi entra\u00een\u00e9 d\u2019importantes \u00e9missions de carbone. L\u2019Italie, le Portugal et la Gr\u00e8ce ont, eux aussi, \u00e9t\u00e9 fortement touch\u00e9s. Mais l\u2019un des faits marquants de cette saison r\u00e9side dans l\u2019extension du risque \u00e0 des r\u00e9gions moins habitu\u00e9es aux incendies de grande ampleur. En Belgique, un important feu a notamment touch\u00e9 les Hautes Fagnes, consid\u00e9r\u00e9 comme le plus important incendie de for\u00eat jamais enregistr\u00e9 dans cette r\u00e9gion.<br>Le risque ne concerne donc plus uniquement l\u2019arc m\u00e9diterran\u00e9en. Une partie beaucoup plus large du territoire europ\u00e9en est d\u00e9sormais expos\u00e9e \u00e0 des feux intenses, alors m\u00eame que les infrastructures et les moyens de pr\u00e9vention n\u2019ont pas toujours \u00e9t\u00e9 con\u00e7us pour une telle \u00e9volution.<\/p>\n\n\n\n<p class=\"wp-block-paragraph\">LE COCKTAIL CHALEURS\u00c9CHERESSE<br>Cette multiplication des incendies intervient dans un contexte m\u00e9t\u00e9orologique particuli\u00e8rement favorable \u00e0 leur propagation. Le d\u00e9ficit prolong\u00e9<br>de pr\u00e9cipitations a ass\u00e9ch\u00e9 les sols et la v\u00e9g\u00e9tation, tandis que plusieurs \u00e9pisodes de chaleur extr\u00eame ont encore aggrav\u00e9 la situation. Le Centre commun de recherche de la Commission europ\u00e9enne souligne que la s\u00e9cheresse et les temp\u00e9ratures \u00e9lev\u00e9es ont renforc\u00e9 le danger dans de nombreuses r\u00e9gions. La faiblesse des d\u00e9bits de plusieurs cours d\u2019eau et l\u2019ass\u00e8chement des sols t\u00e9moignent \u00e9galement de l\u2019ampleur du d\u00e9ficit hydrique observ\u00e9 sur le continent.<br>Dans ces conditions, les for\u00eats et les espaces ruraux deviennent plus vuln\u00e9rables. Une fois d\u00e9clench\u00e9, un incendie peut se propager rapidement,<br>compliquant le travail des pompiers et augmentant les risques pour les populations. Le changement climatique constitue un facteur aggravant.<br>La hausse des temp\u00e9ratures ne d\u00e9clenche pas directement chaque feu, mais elle favorise des p\u00e9riodes de chaleur et de s\u00e9cheresse plus longues, cr\u00e9ant des conditions propices \u00e0 des incendies plus rapides, plus intenses et plus difficiles \u00e0 ma\u00eetriser.<\/p>\n\n\n\n<p class=\"wp-block-paragraph\">DE L\u2019URGENCE \u00c0 LA PR\u00c9VENTION<br>Face \u00e0 cette situation, l\u2019Union europ\u00e9enne a renforc\u00e9 ses moyens de lutte. Des centaines de pompiers issus de plusieurs pays sont mobilis\u00e9s, tandis que des avions et des h\u00e9licopt\u00e8res sp\u00e9cialis\u00e9s sont d\u00e9ploy\u00e9s dans les zones les plus expos\u00e9es. Cette coop\u00e9ration est devenue indispensable, alors que les incendies d\u00e9passent les fronti\u00e8res. Mais la r\u00e9p\u00e9tition de saisons particuli\u00e8rement chaudes et s\u00e8ches montre aussi<br>les limites d\u2019une r\u00e9ponse reposant principalement sur l\u2019intervention, une fois le feu d\u00e9clar\u00e9. La pr\u00e9vention devient donc centrale : entretien des<br>for\u00eats, gestion des espaces ruraux, surveillance des zones \u00e0 risque, syst\u00e8mes d\u2019alerte pr\u00e9coce et renforcement des moyens locaux doivent<br>d\u00e9sormais accompagner les dispositifs d\u2019urgence. Les satellites jouent \u00e9galement un r\u00f4le croissant dans la d\u00e9tection et le suivi des foyers. Car les<br>cons\u00e9quences d\u00e9passent largement les hectares br\u00fbl\u00e9s.<br>Les incendies affectent les populations, la biodiversit\u00e9, la qualit\u00e9 de l\u2019air et les \u00e9cosyst\u00e8mes, tout en lib\u00e9rant d\u2019importantes quantit\u00e9s de<br>carbone. L\u2019\u00e9t\u00e9 2026 appara\u00eet ainsi comme un nouvel avertissement pour l\u2019Europe. L\u2019enjeu n\u2019est plus seulement de mieux \u00e9teindre les incendies,<br>mais de pr\u00e9parer les territoires \u00e0 un climat o\u00f9 les conditions favorables aux feux deviennent plus fr\u00e9quentes et plus difficiles \u00e0 contenir.<br>G. Salah Eddine<\/p>\n","protected":false},"excerpt":{"rendered":"<p>L\u2019Europe traverse un \u00e9t\u00e9 particuli\u00e8rement marqu\u00e9par les incendies de for\u00eat.Depuis la mi-juin, pr\u00e8s de540.000 hectares ont br\u00fbl\u00e9dans l\u2019Union europ\u00e9enne,dans plus d\u2019un millier defeux, selon le syst\u00e8meeurop\u00e9en d\u2019informationsur les feux de for\u00eat(EFFIS). Au 2 septembre, lebilan depuis le d\u00e9but del\u2019ann\u00e9e atteignait 647.375hectares, soit pr\u00e8s dudouble de la moyenneenregistr\u00e9e entre 2006 et2025.Plus [&hellip;]<\/p>\n","protected":false},"author":3,"featured_media":68020,"comment_status":"closed","ping_status":"closed","sticky":false,"template":"","format":"standard","meta":{"footnotes":""},"categories":[236,65],"tags":[],"class_list":["post-68019","post","type-post","status-publish","format-standard","has-post-thumbnail","hentry","category-a-la-une","category-monde"],"_links":{"self":[{"href":"https:\/\/alger16.dz\/index.php?rest_route=\/wp\/v2\/posts\/68019","targetHints":{"allow":["GET"]}}],"collection":[{"href":"https:\/\/alger16.dz\/index.php?rest_route=\/wp\/v2\/posts"}],"about":[{"href":"https:\/\/alger16.dz\/index.php?rest_route=\/wp\/v2\/types\/post"}],"author":[{"embeddable":true,"href":"https:\/\/alger16.dz\/index.php?rest_route=\/wp\/v2\/users\/3"}],"replies":[{"embeddable":true,"href":"https:\/\/alger16.dz\/index.php?rest_route=%2Fwp%2Fv2%2Fcomments&post=68019"}],"version-history":[{"count":1,"href":"https:\/\/alger16.dz\/index.php?rest_route=\/wp\/v2\/posts\/68019\/revisions"}],"predecessor-version":[{"id":68021,"href":"https:\/\/alger16.dz\/index.php?rest_route=\/wp\/v2\/posts\/68019\/revisions\/68021"}],"wp:featuredmedia":[{"embeddable":true,"href":"https:\/\/alger16.dz\/index.php?rest_route=\/wp\/v2\/media\/68020"}],"wp:attachment":[{"href":"https:\/\/alger16.dz\/index.php?rest_route=%2Fwp%2Fv2%2Fmedia&parent=68019"}],"wp:term":[{"taxonomy":"category","embeddable":true,"href":"https:\/\/alger16.dz\/index.php?rest_route=%2Fwp%2Fv2%2Fcategories&post=68019"},{"taxonomy":"post_tag","embeddable":true,"href":"https:\/\/alger16.dz\/index.php?rest_route=%2Fwp%2Fv2%2Ftags&post=68019"}],"curies":[{"name":"wp","href":"https:\/\/api.w.org\/{rel}","templated":true}]}}