{"id":68023,"date":"2026-09-06T12:56:52","date_gmt":"2026-09-06T12:56:52","guid":{"rendered":"https:\/\/alger16.dz\/?p=68023"},"modified":"2026-09-06T12:56:53","modified_gmt":"2026-09-06T12:56:53","slug":"importations-plus-de-130-milliards-de-dollars-de-demandes-deposees-par-des-entreprises-employant-au-plus-5-salaries","status":"publish","type":"post","link":"https:\/\/alger16.dz\/?p=68023","title":{"rendered":"Importations : Plus de 130 milliards de dollars de demandes d\u00e9pos\u00e9es par des entreprises employant au plus 5 salari\u00e9s"},"content":{"rendered":"\n<figure class=\"wp-block-image size-large\"><img loading=\"lazy\" decoding=\"async\" width=\"1024\" height=\"680\" src=\"https:\/\/alger16.dz\/wp-content\/uploads\/2026\/09\/7867-1024x680.jpg\" alt=\"\" class=\"wp-image-68024\" srcset=\"https:\/\/alger16.dz\/wp-content\/uploads\/2026\/09\/7867-1024x680.jpg 1024w, https:\/\/alger16.dz\/wp-content\/uploads\/2026\/09\/7867-300x199.jpg 300w, https:\/\/alger16.dz\/wp-content\/uploads\/2026\/09\/7867-767x509.jpg 767w, https:\/\/alger16.dz\/wp-content\/uploads\/2026\/09\/7867.jpg 1080w\" sizes=\"auto, (max-width: 1024px) 100vw, 1024px\" \/><\/figure>\n\n\n\n<p class=\"wp-block-paragraph\">Le traitement des dossiers relatifs aux programmes pr\u00e9visionnels d\u2019importation pour le deuxi\u00e8me semestre 2026 a r\u00e9v\u00e9l\u00e9 que 3.961 op\u00e9rateurs \u00e9conomiques employant entre z\u00e9ro et cinq salari\u00e9s ont introduit des demandes d\u2019importation pour une valeur globale de 130,32 milliards de dollars, a indiqu\u00e9, samedi, un communiqu\u00e9 du minist\u00e8re du Commerce ext\u00e9rieur et de la Promotion des exportations.<\/p>\n\n\n\n<p class=\"wp-block-paragraph\">Ces donn\u00e9es, extraites de la plateforme num\u00e9rique d\u00e9di\u00e9e \u00e0 l\u2019importation des mati\u00e8res premi\u00e8res et des intrants de production, soul\u00e8vent des interrogations quant \u00e0 la coh\u00e9rence de certaines pr\u00e9visions d\u2019importation avec la taille des entreprises concern\u00e9es et le nombre de salari\u00e9s d\u00e9clar\u00e9s, pr\u00e9cise le minist\u00e8re.<\/p>\n\n\n\n<p class=\"wp-block-paragraph\">Dans le d\u00e9tail, les donn\u00e9es indiquent que 149 op\u00e9rateurs n\u2019employant aucun salari\u00e9 ont formul\u00e9 des demandes d\u2019importation d\u2019une valeur totale de 484,58 millions de dollars, tandis que 949 op\u00e9rateurs employant un seul salari\u00e9 ont introduit des demandes d\u2019une valeur de 21,84 milliards de dollars.<\/p>\n\n\n\n<p class=\"wp-block-paragraph\">La valeur des demandes d\u2019importation d\u00e9pos\u00e9es par 851 op\u00e9rateurs employant deux salari\u00e9s s\u2019est \u00e9lev\u00e9e \u00e0 88,76 milliards de dollars, contre 15,52 milliards de dollars de demandes introduites par 722 op\u00e9rateurs employant trois salari\u00e9s, 1,74 milliard de dollars par 641 op\u00e9rateurs employant quatre salari\u00e9s, et 13,84 milliards de dollars par 649 op\u00e9rateurs employant cinq salari\u00e9s.<\/p>\n\n\n\n<p class=\"wp-block-paragraph\">Dans ce contexte, le minist\u00e8re du Commerce ext\u00e9rieur et de la Promotion des exportations a d\u00e9cid\u00e9 d\u2019ouvrir une enqu\u00eate, en coordination avec les secteurs minist\u00e9riels concern\u00e9s, afin de proc\u00e9der \u00e0 un audit des mati\u00e8res premi\u00e8res, des intrants de production et des \u00e9quipements import\u00e9s par ces entreprises durant le premier semestre 2026, ainsi que durant les ann\u00e9es pr\u00e9c\u00e9dentes.<\/p>\n\n\n\n<p class=\"wp-block-paragraph\">Les op\u00e9rations d&rsquo;audit porteront, selon le minist\u00e8re, sur la conformit\u00e9 des quantit\u00e9s et des valeurs import\u00e9es avec la nature de l&rsquo;activit\u00e9 d\u00e9clar\u00e9e, les capacit\u00e9s r\u00e9elles de production, le nombre de travailleurs d\u00e9clar\u00e9, ainsi que le volume r\u00e9el de l&rsquo;activit\u00e9 \u00e9conomique des entreprises concern\u00e9es.<\/p>\n\n\n\n<p class=\"wp-block-paragraph\">Le minist\u00e8re a soulign\u00e9 que le caract\u00e8re pr\u00e9visionnel des programmes d&rsquo;importation ne signifie nullement que ces pr\u00e9visions soient d\u00e9connect\u00e9es de la r\u00e9alit\u00e9 \u00e9conomique de l&rsquo;entreprise ou disproportionn\u00e9es \u00e0 ses capacit\u00e9s et besoins r\u00e9els, pr\u00e9cisant que les mesures ad\u00e9quates seront prises sur la base des r\u00e9sultats de l&rsquo;enqu\u00eate et de l&rsquo;audit, conform\u00e9ment \u00e0 la l\u00e9gislation et \u00e0 la r\u00e9glementation en vigueur.<\/p>\n\n\n\n<p class=\"wp-block-paragraph\">Par ailleurs, la plateforme num\u00e9rique, appuy\u00e9e par des technologies d&rsquo;intelligence artificielle (IA), a d\u00e9tect\u00e9 des modes, qualifi\u00e9s d'\u00a0\u00bbinhabituels\u00a0\u00bb par le minist\u00e8re, de d\u00e9claration des travailleurs aupr\u00e8s de certaines entreprises concern\u00e9es, notamment l&rsquo;enregistrement de d\u00e9clarations de travailleurs durant des p\u00e9riodes co\u00efncidant avec les phases d&rsquo;ouverture et de d\u00e9p\u00f4t des programmes pr\u00e9visionnels d&rsquo;importation.<\/p>\n\n\n\n<p class=\"wp-block-paragraph\">L&rsquo;analyse des donn\u00e9es fait ressortir qu&rsquo;un certain nombre d&rsquo;entreprises avaient d\u00e9clar\u00e9 des travailleurs aupr\u00e8s des services de la Caisse nationale des assurances sociales des travailleurs salari\u00e9s (CNAS) au cours de la p\u00e9riode allant de janvier au 31 mars 2026, avant de constater l&rsquo;absence de toute d\u00e9claration de travailleurs durant les mois d&rsquo;avril, mai et juin, puis l&rsquo;enregistrement de nouvelles d\u00e9clarations du 1er juillet au 30 septembre 2026, p\u00e9riode co\u00efncidant avec les phases de d\u00e9p\u00f4t et d&rsquo;examen des programmes pr\u00e9visionnels d&rsquo;importation.<\/p>\n\n\n\n<p class=\"wp-block-paragraph\">Le minist\u00e8re a annonc\u00e9, \u00e0 ce propos, l&rsquo;ouverture d&rsquo;une enqu\u00eate sur ces cas et la prise des mesures n\u00e9cessaires le cas \u00e9ch\u00e9ant, conform\u00e9ment \u00e0 la l\u00e9gislation et \u00e0 la r\u00e8glementation en vigueur.<\/p>\n","protected":false},"excerpt":{"rendered":"<p>Le traitement des dossiers relatifs aux programmes pr\u00e9visionnels d\u2019importation pour le deuxi\u00e8me semestre 2026 a r\u00e9v\u00e9l\u00e9 que 3.961 op\u00e9rateurs \u00e9conomiques employant entre z\u00e9ro et cinq salari\u00e9s ont introduit des demandes d\u2019importation pour une valeur globale de 130,32 milliards de dollars, a indiqu\u00e9, samedi, un communiqu\u00e9 du minist\u00e8re du Commerce ext\u00e9rieur [&hellip;]<\/p>\n","protected":false},"author":3,"featured_media":68024,"comment_status":"closed","ping_status":"closed","sticky":false,"template":"","format":"standard","meta":{"footnotes":""},"categories":[236,63],"tags":[401],"class_list":["post-68023","post","type-post","status-publish","format-standard","has-post-thumbnail","hentry","category-a-la-une","category-economie","tag-importation"],"_links":{"self":[{"href":"https:\/\/alger16.dz\/index.php?rest_route=\/wp\/v2\/posts\/68023","targetHints":{"allow":["GET"]}}],"collection":[{"href":"https:\/\/alger16.dz\/index.php?rest_route=\/wp\/v2\/posts"}],"about":[{"href":"https:\/\/alger16.dz\/index.php?rest_route=\/wp\/v2\/types\/post"}],"author":[{"embeddable":true,"href":"https:\/\/alger16.dz\/index.php?rest_route=\/wp\/v2\/users\/3"}],"replies":[{"embeddable":true,"href":"https:\/\/alger16.dz\/index.php?rest_route=%2Fwp%2Fv2%2Fcomments&post=68023"}],"version-history":[{"count":1,"href":"https:\/\/alger16.dz\/index.php?rest_route=\/wp\/v2\/posts\/68023\/revisions"}],"predecessor-version":[{"id":68025,"href":"https:\/\/alger16.dz\/index.php?rest_route=\/wp\/v2\/posts\/68023\/revisions\/68025"}],"wp:featuredmedia":[{"embeddable":true,"href":"https:\/\/alger16.dz\/index.php?rest_route=\/wp\/v2\/media\/68024"}],"wp:attachment":[{"href":"https:\/\/alger16.dz\/index.php?rest_route=%2Fwp%2Fv2%2Fmedia&parent=68023"}],"wp:term":[{"taxonomy":"category","embeddable":true,"href":"https:\/\/alger16.dz\/index.php?rest_route=%2Fwp%2Fv2%2Fcategories&post=68023"},{"taxonomy":"post_tag","embeddable":true,"href":"https:\/\/alger16.dz\/index.php?rest_route=%2Fwp%2Fv2%2Ftags&post=68023"}],"curies":[{"name":"wp","href":"https:\/\/api.w.org\/{rel}","templated":true}]}}