{"id":68031,"date":"2026-09-06T14:38:22","date_gmt":"2026-09-06T14:38:22","guid":{"rendered":"https:\/\/alger16.dz\/?p=68031"},"modified":"2026-09-06T14:38:22","modified_gmt":"2026-09-06T14:38:22","slug":"niger-la-france-mise-en-cause-dans-une-tentative-de-destabilisation-du-pays","status":"publish","type":"post","link":"https:\/\/alger16.dz\/?p=68031","title":{"rendered":"Niger : La France mise en cause dans une tentative de d\u00e9stabilisation du pays"},"content":{"rendered":"\n<figure class=\"wp-block-gallery has-nested-images columns-default is-cropped wp-block-gallery-1 is-layout-flex wp-block-gallery-is-layout-flex\">\n<figure class=\"wp-block-image size-large\"><img loading=\"lazy\" decoding=\"async\" width=\"1024\" height=\"444\" data-id=\"68032\" src=\"https:\/\/alger16.dz\/wp-content\/uploads\/2026\/09\/8015-1024x444.png\" alt=\"\" class=\"wp-image-68032\" srcset=\"https:\/\/alger16.dz\/wp-content\/uploads\/2026\/09\/8015-1024x444.png 1024w, https:\/\/alger16.dz\/wp-content\/uploads\/2026\/09\/8015-300x130.png 300w, https:\/\/alger16.dz\/wp-content\/uploads\/2026\/09\/8015-766x332.png 766w, https:\/\/alger16.dz\/wp-content\/uploads\/2026\/09\/8015.png 1135w\" sizes=\"auto, (max-width: 1024px) 100vw, 1024px\" \/><\/figure>\n<\/figure>\n\n\n\n<p class=\"wp-block-paragraph\">Le gouvernement nig\u00e9rien a mis en cause la France dans une tentative de d\u00e9stabilisation du pays, affirmant avoir constitu\u00e9 une \u00ab\u00a0documentation cons\u00e9quente\u00a0\u00bb sur cette \u00ab\u00a0agression\u00a0\u00bb et se r\u00e9servant le droit d\u2019intenter des actions devant la justice internationale.<\/p>\n\n\n\n<p class=\"wp-block-paragraph\">R\u00e9uni sous la pr\u00e9sidence du pr\u00e9sident de la R\u00e9publique du Niger, le G\u00e9n\u00e9ral d&rsquo;Arm\u00e9e Abdourahamane Tiani, le Conseil des ministres a examin\u00e9 la situation n\u00e9e de la tentative de d\u00e9stabilisation qui a \u00e9t\u00e9 orchestr\u00e9e, dans la nuit du 28 au 29 ao\u00fbt, par des \u00e9l\u00e9ments du Bataillon Sp\u00e9cial de Renseignement du Commandement des Op\u00e9rations Sp\u00e9ciales, notamment \u00e0 la Base 101 de Niamey.<\/p>\n\n\n\n<p class=\"wp-block-paragraph\">Dans son communiqu\u00e9, le gouvernement affirme que cette op\u00e9ration pr\u00e9sente \u00ab\u00a0des ramifications internationales\u00a0\u00bb et met directement en cause la France.<\/p>\n\n\n\n<p class=\"wp-block-paragraph\">\u00ab\u00a0Le Niger ne porte la guerre \u00e0 aucun pays et ne nourrit pas cette vell\u00e9it\u00e9.<\/p>\n\n\n\n<p class=\"wp-block-paragraph\">A cet \u00e9gard, une documentation cons\u00e9quente a \u00e9t\u00e9 constitu\u00e9e sur cette agression et le Niger se r\u00e9serve le droit d\u2019intenter des actions devant la justice internationale\u00a0\u00bb, indique le communiqu\u00e9.<\/p>\n\n\n\n<p class=\"wp-block-paragraph\">Le gouvernement nig\u00e9rien soutient, \u00e0 ce propos, que \u00ab\u00a0cette op\u00e9ration aux ramifications internationales a \u00e9t\u00e9 incit\u00e9e et entretenue par un vaste r\u00e9seau de connivences \u00e0 la t\u00eate duquel se trouve le r\u00e9gime fran\u00e7ais de M. Macron\u00a0\u00bb, ajoutant que \u00ab\u00a0ces \u00e9l\u00e9ments f\u00e9lons et ren\u00e9gats auxquels on a miroit\u00e9 monts et merveilles \u00e9taient charg\u00e9s d\u2019accomplir le dessein non assouvi de Macron et de ses comparses dans notre pays\u00a0\u00bb.<\/p>\n\n\n\n<p class=\"wp-block-paragraph\">Selon le m\u00eame communiqu\u00e9, cette tentative s\u2019inscrit \u00ab\u00a0dans la continuit\u00e9 de toutes les autres tendant \u00e0 \u00e9branler la volont\u00e9 affich\u00e9e par notre peuple dans sa marche r\u00e9solue pour la souverainet\u00e9 et la prise en main de nos ressources naturelles\u00a0\u00bb.<\/p>\n\n\n\n<p class=\"wp-block-paragraph\">Le gouvernement estime \u00e9galement que cette action \u00ab\u00a0est aussi r\u00e9v\u00e9latrice du double visage dont font montre certains de nos fr\u00e8res africains qui sont prompts \u00e0 servir de passerelles aux actions d\u00e9stabilisatrices des tenants du r\u00e9gime fran\u00e7ais\u00a0\u00bb, en faisant allusion aux r\u00e9gimes dans la r\u00e9gion, connus pour leur complicit\u00e9.<\/p>\n\n\n\n<p class=\"wp-block-paragraph\">Face \u00e0 ces man\u0153uvres, les autorit\u00e9s nig\u00e9riennes assurent que \u00ab\u00a0ces man\u0153uvres de sape \u00e9choueront toujours, gr\u00e2ce \u00e0 la d\u00e9termination et \u00e0 l\u2019engagement sans faille de nos forces de d\u00e9fense et de s\u00e9curit\u00e9 et de l\u2019ensemble du peuple nig\u00e9rien\u00a0\u00bb.<\/p>\n\n\n\n<p class=\"wp-block-paragraph\">Le Conseil des ministres s\u2019est, par ailleurs, f\u00e9licit\u00e9 de \u00ab\u00a0la mobilisation de l\u2019ensemble des forces sociales et l\u2019\u00e9lan patriotique manifest\u00e9 pour soutenir les actions h\u00e9ro\u00efques des forces de d\u00e9fense et de s\u00e9curit\u00e9, avec pour fer de lance, la Garde pr\u00e9sidentielle\u00a0\u00bb.<\/p>\n\n\n\n<p class=\"wp-block-paragraph\">Sur le plan de la solidarit\u00e9 ext\u00e9rieure, les autorit\u00e9s nig\u00e9riennes ont exprim\u00e9 leur \u00ab\u00a0reconnaissance aux pays amis\u00a0\u00bb, citant notamment les Etats membres de l\u2019Alliance des Etats du Sahel (AES) et l&rsquo;Alg\u00e9rie, ainsi que d&rsquo;autres pays, pour avoir \u00ab\u00a0manifest\u00e9, d\u00e8s le d\u00e9but des \u00e9v\u00e9nements, leur solidarit\u00e9 \u00e0 l\u2019\u00e9gard du peuple nig\u00e9rien et de ses institutions\u00a0\u00bb.<\/p>\n","protected":false},"excerpt":{"rendered":"<p>Le gouvernement nig\u00e9rien a mis en cause la France dans une tentative de d\u00e9stabilisation du pays, affirmant avoir constitu\u00e9 une \u00ab\u00a0documentation cons\u00e9quente\u00a0\u00bb sur cette \u00ab\u00a0agression\u00a0\u00bb et se r\u00e9servant le droit d\u2019intenter des actions devant la justice internationale. R\u00e9uni sous la pr\u00e9sidence du pr\u00e9sident de la R\u00e9publique du Niger, le G\u00e9n\u00e9ral [&hellip;]<\/p>\n","protected":false},"author":3,"featured_media":68032,"comment_status":"closed","ping_status":"closed","sticky":false,"template":"","format":"standard","meta":{"footnotes":""},"categories":[65],"tags":[6090,106],"class_list":["post-68031","post","type-post","status-publish","format-standard","has-post-thumbnail","hentry","category-monde","tag-coup-detat","tag-niger"],"_links":{"self":[{"href":"https:\/\/alger16.dz\/index.php?rest_route=\/wp\/v2\/posts\/68031","targetHints":{"allow":["GET"]}}],"collection":[{"href":"https:\/\/alger16.dz\/index.php?rest_route=\/wp\/v2\/posts"}],"about":[{"href":"https:\/\/alger16.dz\/index.php?rest_route=\/wp\/v2\/types\/post"}],"author":[{"embeddable":true,"href":"https:\/\/alger16.dz\/index.php?rest_route=\/wp\/v2\/users\/3"}],"replies":[{"embeddable":true,"href":"https:\/\/alger16.dz\/index.php?rest_route=%2Fwp%2Fv2%2Fcomments&post=68031"}],"version-history":[{"count":1,"href":"https:\/\/alger16.dz\/index.php?rest_route=\/wp\/v2\/posts\/68031\/revisions"}],"predecessor-version":[{"id":68033,"href":"https:\/\/alger16.dz\/index.php?rest_route=\/wp\/v2\/posts\/68031\/revisions\/68033"}],"wp:featuredmedia":[{"embeddable":true,"href":"https:\/\/alger16.dz\/index.php?rest_route=\/wp\/v2\/media\/68032"}],"wp:attachment":[{"href":"https:\/\/alger16.dz\/index.php?rest_route=%2Fwp%2Fv2%2Fmedia&parent=68031"}],"wp:term":[{"taxonomy":"category","embeddable":true,"href":"https:\/\/alger16.dz\/index.php?rest_route=%2Fwp%2Fv2%2Fcategories&post=68031"},{"taxonomy":"post_tag","embeddable":true,"href":"https:\/\/alger16.dz\/index.php?rest_route=%2Fwp%2Fv2%2Ftags&post=68031"}],"curies":[{"name":"wp","href":"https:\/\/api.w.org\/{rel}","templated":true}]}}