{"id":68041,"date":"2026-09-06T21:05:03","date_gmt":"2026-09-06T21:05:03","guid":{"rendered":"https:\/\/alger16.dz\/?p=68041"},"modified":"2026-09-06T21:08:59","modified_gmt":"2026-09-06T21:08:59","slug":"cartographie-mondiale-lafrique-retrouve-sa-vraie-taille-plus-grande-quon-ne-le-croyait","status":"publish","type":"post","link":"https:\/\/alger16.dz\/?p=68041","title":{"rendered":"Cartographie mondiale, l\u2019Afrique retrouve sa vraie taille : plus grande qu\u2019on ne le croyait"},"content":{"rendered":"\n<figure class=\"wp-block-image size-large\"><img loading=\"lazy\" decoding=\"async\" width=\"2560\" height=\"1738\" src=\"https:\/\/alger16.dz\/wp-content\/uploads\/2026\/09\/P1-edited-scaled.jpg\" alt=\"\" class=\"wp-image-68044\" srcset=\"https:\/\/alger16.dz\/wp-content\/uploads\/2026\/09\/P1-edited-scaled.jpg 2560w, https:\/\/alger16.dz\/wp-content\/uploads\/2026\/09\/P1-edited-300x204.jpg 300w, https:\/\/alger16.dz\/wp-content\/uploads\/2026\/09\/P1-edited-1024x695.jpg 1024w, https:\/\/alger16.dz\/wp-content\/uploads\/2026\/09\/P1-edited-768x522.jpg 768w, https:\/\/alger16.dz\/wp-content\/uploads\/2026\/09\/P1-edited-1536x1043.jpg 1536w, https:\/\/alger16.dz\/wp-content\/uploads\/2026\/09\/P1-edited-2048x1391.jpg 2048w\" sizes=\"auto, (max-width: 2560px) 100vw, 2560px\" \/><\/figure>\n\n\n\n<p class=\"wp-block-paragraph\"><strong>L\u2019ONU tourne progressivement la page de Mercator et soutient une repr\u00e9sentation plus fid\u00e8le des superficies. Une bataille cartographique devenue un enjeu de perception, de m\u00e9moire et de justice symbolique pour le continent africain.<\/strong><\/p>\n\n\n\n<p class=\"wp-block-paragraph\">Pendant des si\u00e8cles, une image du monde s\u2019est impos\u00e9e dans les salles de classe, les atlas, les m\u00e9dias et les esprits. Une image famili\u00e8re, presque incontestable : l\u2019Europe et l\u2019Am\u00e9rique du Nord apparaissant imposantes, tandis que l\u2019Afrique semblait visuellement plus r\u00e9duite. Pourtant, cette repr\u00e9sentation ne correspond pas \u00e0 la r\u00e9alit\u00e9 des superficies.<br>Le 4 septembre 2026, l\u2019Assembl\u00e9e g\u00e9n\u00e9rale des Nations unies a d\u00e9cid\u00e9 de s\u2019attaquer \u00e0 cette distorsion en adoptant une r\u00e9solution encourageant une repr\u00e9sentation plus fid\u00e8le de la taille des continents, notamment celle de l\u2019Afrique.<br>Derri\u00e8re ce qui pourrait sembler \u00eatre une simple affaire de cartes se joue en r\u00e9alit\u00e9 une question beaucoup plus profonde : comment repr\u00e9sente-t-on le monde et quelle perception cette repr\u00e9sentation produit-elle ?<br>La r\u00e9solution, port\u00e9e par le Togo au nom de l\u2019Union africaine, a recueilli 164 voix favorables, contre une seule opposition, celle des \u00c9tats-Unis, tandis que six pays se sont abstenus. Le texte encourage notamment l\u2019abandon progressif de la projection de Mercator au profit de repr\u00e9sentations permettant de mieux respecter les proportions r\u00e9elles des continents.<\/p>\n\n\n\n<p class=\"wp-block-paragraph\"><strong>Quand une carte d\u00e9forme le regard<\/strong><\/p>\n\n\n\n<p class=\"wp-block-paragraph\">La projection de Mercator n\u2019est pas une \u00ab mauvaise carte \u00bb au sens strict. \u00c9labor\u00e9e en 1569 par le cartographe flamand Gerardus Mercator, elle r\u00e9pondait avant tout \u00e0 un besoin pratique : faciliter la navigation maritime. Elle permet notamment de repr\u00e9senter les directions et les angles de mani\u00e8re particuli\u00e8rement utile aux navigateurs.<br>Mais cette projection pr\u00e9sente un d\u00e9faut majeur lorsqu&rsquo;il s&rsquo;agit de comparer les superficies. Plus on s&rsquo;\u00e9loigne de l&rsquo;Equateur, plus les terres apparaissent agrandies. \u00c0 l&rsquo;inverse, les r\u00e9gions proches de l&rsquo;Equateur sont visuellement r\u00e9duites.<br>C&rsquo;est ainsi que le Groenland peut sembler presque aussi vaste que l&rsquo;Afrique sur certaines cartes de Mercator. Dans la r\u00e9alit\u00e9, l\u2019Afrique est environ quatorze fois plus grande que le Groenland. M\u00eame ph\u00e9nom\u00e8ne pour l\u2019Europe. Sur les cartes traditionnelles, elle para\u00eet relativement imposante face au continent africain. Pourtant, l\u2019Afrique s\u2019\u00e9tend sur plus de 30 millions de kilom\u00e8tres carr\u00e9s et constitue le deuxi\u00e8me continent du monde par sa superficie.<br>La carte ne change donc pas la r\u00e9alit\u00e9. Elle change notre mani\u00e8re de la voir.<\/p>\n\n\n\n<p class=\"wp-block-paragraph\"><strong>Equal Earth : remettre les superficies \u00e0 leur juste proportion<\/strong><\/p>\n\n\n\n<p class=\"wp-block-paragraph\">C\u2019est pr\u00e9cis\u00e9ment sur ce terrain qu\u2019intervient la projection Equal Earth, cr\u00e9\u00e9e en 2018 par les cartographes Bojan \u0160avri\u010d, Bernhard Jenny et Tom Patterson.<br>Son principe est diff\u00e9rent : repr\u00e9senter les continents de mani\u00e8re \u00e0 pr\u00e9server davantage leurs superficies relatives. L\u2019Afrique retrouve ainsi une dimension visuelle beaucoup plus proche de sa taille r\u00e9elle, tout comme l\u2019Am\u00e9rique du Sud et d\u2019autres r\u00e9gions situ\u00e9es aux latitudes plus basses.<br>Le choix de cette projection ne signifie cependant pas que toutes les d\u00e9formations disparaissent. Une carte \u00e0 plat ne peut jamais reproduire parfaitement une Terre sph\u00e9rique. Chaque projection privil\u00e9gie certaines propri\u00e9t\u00e9s \u2014 superficies, angles, distances ou formes \u2014 au d\u00e9triment d\u2019autres. Comme le rappellent les sp\u00e9cialistes, il n\u2019existe pas de repr\u00e9sentation plane parfaite du globe.<br>L\u2019enjeu est donc moins de trouver \u00abla carte parfaite \u00bb que de choisir une repr\u00e9sentation adapt\u00e9e \u00e0 l\u2019objectif recherch\u00e9.<\/p>\n\n\n\n<p class=\"wp-block-paragraph\"><strong>Une bataille africaine devenue internationale<\/strong><\/p>\n\n\n\n<p class=\"wp-block-paragraph\">L\u2019initiative ne sort pas de nulle part. Elle s\u2019inscrit dans une campagne baptis\u00e9e \u00ab Correct the Map \u00bb, lanc\u00e9e par les organisations Africa No Filter et Speak Up Africa et soutenue par l\u2019Union africaine.<br>Le Togo a \u00e9t\u00e9 charg\u00e9 de porter cette bataille devant les Nations unies. Pour ses promoteurs, il ne s&rsquo;agit pas seulement de g\u00e9ographie, mais \u00e9galement de la mani\u00e8re dont l\u2019Afrique est per\u00e7ue dans l\u2019imaginaire collectif.<br>L\u2019argument avanc\u00e9 est simple : lorsque des g\u00e9n\u00e9rations d\u2019\u00e9l\u00e8ves grandissent avec des cartes o\u00f9 l\u2019Afrique para\u00eet beaucoup plus petite que sa superficie r\u00e9elle, cette repr\u00e9sentation finit par s\u2019ancrer dans les consciences. La carte devient alors un outil qui fa\u00e7onne, parfois inconsciemment, la perception de la place du continent dans le monde. Corriger la carte, c\u2019est donc aussi corriger une image.<\/p>\n\n\n\n<p class=\"wp-block-paragraph\"><strong>Un symbole de d\u00e9colonisation des savoirs<\/strong><\/p>\n\n\n\n<p class=\"wp-block-paragraph\">Pour plusieurs responsables africains, cette d\u00e9marche s&rsquo;inscrit dans un mouvement plus large de r\u00e9examen des h\u00e9ritages historiques et coloniaux.<br>La formule employ\u00e9e par les promoteurs de l&rsquo;initiative est particuli\u00e8rement forte : il s&rsquo;agit de parvenir \u00e0 une forme de \u00ab justice cognitive \u00bb, c&rsquo;est-\u00e0-dire de corriger certaines repr\u00e9sentations du monde qui ont fini par \u00eatre consid\u00e9r\u00e9es comme naturelles alors qu&rsquo;elles sont le produit de choix historiques et techniques.<br>Le d\u00e9bat d\u00e9passe ainsi les seuls cartographes. Il concerne les \u00e9coles, les m\u00e9dias, les institutions internationales, les \u00e9diteurs, les plateformes num\u00e9riques et les entreprises sp\u00e9cialis\u00e9es dans les technologies g\u00e9ospatiales.<br>L\u2019Union africaine souhaite que cette \u00e9volution puisse progressivement se traduire dans les supports \u00e9ducatifs et les diff\u00e9rentes formes de repr\u00e9sentation g\u00e9ographique.<\/p>\n\n\n\n<p class=\"wp-block-paragraph\"><strong>Une r\u00e9solution, pas une interdiction<\/strong><\/p>\n\n\n\n<p class=\"wp-block-paragraph\">Il convient toutefois de ne pas pr\u00e9senter cette d\u00e9cision comme la disparition imm\u00e9diate de la carte de Mercator.<br>La r\u00e9solution de l\u2019Assembl\u00e9e g\u00e9n\u00e9rale de l\u2019ONU n\u2019interdit pas juridiquement la projection de Mercator.<br>Elle encourage une \u00e9volution progressive vers des repr\u00e9sentations plus fid\u00e8les des superficies. Mercator continuera notamment \u00e0 \u00eatre utilis\u00e9e<br>dans certains domaines o\u00f9 ses caract\u00e9ristiques restent particuli\u00e8rement utiles, notamment la navigation.<br>Le changement sera donc progressif. Il faudra modifier des manuels scolaires, adapter des outils num\u00e9riques, actualiser certaines bases cartographiques et, surtout, faire \u00e9voluer des habitudes profond\u00e9ment install\u00e9es.<\/p>\n\n\n\n<p class=\"wp-block-paragraph\"><strong>Le paradoxe d\u2019une carte qui rapetissait un g\u00e9ant<\/strong><\/p>\n\n\n\n<p class=\"wp-block-paragraph\">Le d\u00e9bat est d\u2019autant plus frappant que l\u2019Afrique n\u2019est pas seulement un vaste continent : elle constitue \u00e9galement un espace d\u00e9mographique, \u00e9conomique et g\u00e9opolitique majeur.<br>La projection traditionnelle pouvait donner l\u2019impression inverse. Le contraste entre la taille r\u00e9elle de l\u2019Afrique et son apparence sur certains planisph\u00e8res constitue l\u2019un des exemples les plus spectaculaires de la mani\u00e8re dont une projection cartographique peut modifier la perception des rapports d\u2019espace. Avec Equal Earth, le continent africain appara\u00eet enfin dans des proportions qui permettent de mieux saisir son \u00e9tendue. Le changement n\u2019est donc pas celui de l\u2019Afrique. C\u2019est celui du regard port\u00e9 sur elle. L\u2019adoption de la r\u00e9solution par l\u2019ONU constitue surtout un signal politique et symbolique. Son v\u00e9ritable impact d\u00e9pendra d\u00e9sormais de sa traduction concr\u00e8te.<br>Les \u00e9coles adopteront-elles progressivement de nouvelles cartes ? Les m\u00e9dias modifieront-ils leurs infographies ? Les plateformes num\u00e9riques proposeront-elles davantage de projections respectant les superficies ? Les institutions internationales harmoniseront-elles leurs pratiques ?<br>Autant de questions qui devront trouver des r\u00e9ponses dans les prochaines ann\u00e9es.<br>Une chose est d\u00e9j\u00e0 acquise : le d\u00e9bat sur la carte du monde n\u2019est plus cantonn\u00e9 aux cartographes. Il est entr\u00e9 dans l\u2019ar\u00e8ne internationale.<br>Apr\u00e8s des si\u00e8cles d\u2019une repr\u00e9sentation o\u00f9 les terres proches des p\u00f4les semblaient gigantesques et o\u00f9 l\u2019Afrique \u00e9tait visuellement minor\u00e9e, l\u2019ONU vient de consacrer un principe simple : une carte ne doit pas seulement \u00eatre famili\u00e8re ; elle doit aussi permettre de comprendre correctement le monde. G.Salah Eddine<\/p>\n","protected":false},"excerpt":{"rendered":"<p>L\u2019ONU tourne progressivement la page de Mercator et soutient une repr\u00e9sentation plus fid\u00e8le des superficies. Une bataille cartographique devenue un enjeu de perception, de m\u00e9moire et de justice symbolique pour le continent africain. Pendant des si\u00e8cles, une image du monde s\u2019est impos\u00e9e dans les salles de classe, les atlas, les [&hellip;]<\/p>\n","protected":false},"author":3,"featured_media":68044,"comment_status":"closed","ping_status":"closed","sticky":false,"template":"","format":"standard","meta":{"footnotes":""},"categories":[236,36],"tags":[192],"class_list":["post-68041","post","type-post","status-publish","format-standard","has-post-thumbnail","hentry","category-a-la-une","category-actualites","tag-afrique"],"_links":{"self":[{"href":"https:\/\/alger16.dz\/index.php?rest_route=\/wp\/v2\/posts\/68041","targetHints":{"allow":["GET"]}}],"collection":[{"href":"https:\/\/alger16.dz\/index.php?rest_route=\/wp\/v2\/posts"}],"about":[{"href":"https:\/\/alger16.dz\/index.php?rest_route=\/wp\/v2\/types\/post"}],"author":[{"embeddable":true,"href":"https:\/\/alger16.dz\/index.php?rest_route=\/wp\/v2\/users\/3"}],"replies":[{"embeddable":true,"href":"https:\/\/alger16.dz\/index.php?rest_route=%2Fwp%2Fv2%2Fcomments&post=68041"}],"version-history":[{"count":1,"href":"https:\/\/alger16.dz\/index.php?rest_route=\/wp\/v2\/posts\/68041\/revisions"}],"predecessor-version":[{"id":68045,"href":"https:\/\/alger16.dz\/index.php?rest_route=\/wp\/v2\/posts\/68041\/revisions\/68045"}],"wp:featuredmedia":[{"embeddable":true,"href":"https:\/\/alger16.dz\/index.php?rest_route=\/wp\/v2\/media\/68044"}],"wp:attachment":[{"href":"https:\/\/alger16.dz\/index.php?rest_route=%2Fwp%2Fv2%2Fmedia&parent=68041"}],"wp:term":[{"taxonomy":"category","embeddable":true,"href":"https:\/\/alger16.dz\/index.php?rest_route=%2Fwp%2Fv2%2Fcategories&post=68041"},{"taxonomy":"post_tag","embeddable":true,"href":"https:\/\/alger16.dz\/index.php?rest_route=%2Fwp%2Fv2%2Ftags&post=68041"}],"curies":[{"name":"wp","href":"https:\/\/api.w.org\/{rel}","templated":true}]}}