{"id":68046,"date":"2026-09-06T21:00:00","date_gmt":"2026-09-06T21:00:00","guid":{"rendered":"https:\/\/alger16.dz\/?p=68046"},"modified":"2026-09-06T21:34:48","modified_gmt":"2026-09-06T21:34:48","slug":"code-penal-rentree-scolaire-rail-le-chef-de-letat-reunit-le-conseil-des-ministres","status":"publish","type":"post","link":"https:\/\/alger16.dz\/?p=68046","title":{"rendered":"Code p\u00e9nal, rentr\u00e9e scolaire, rail\u00a0: le Chef de l&rsquo;Etat r\u00e9unit le conseil des ministres"},"content":{"rendered":"\n<figure class=\"wp-block-image size-large\"><img loading=\"lazy\" decoding=\"async\" width=\"1024\" height=\"576\" src=\"https:\/\/alger16.dz\/wp-content\/uploads\/2026\/09\/image-27-1024x576.webp\" alt=\"\" class=\"wp-image-68047\" srcset=\"https:\/\/alger16.dz\/wp-content\/uploads\/2026\/09\/image-27-1024x576.webp 1024w, https:\/\/alger16.dz\/wp-content\/uploads\/2026\/09\/image-27-300x169.webp 300w, https:\/\/alger16.dz\/wp-content\/uploads\/2026\/09\/image-27-767x432.webp 767w, https:\/\/alger16.dz\/wp-content\/uploads\/2026\/09\/image-27.webp 1080w\" sizes=\"auto, (max-width: 1024px) 100vw, 1024px\" \/><\/figure>\n\n\n\n<p class=\"wp-block-paragraph\">Le pr\u00e9sident de la R\u00e9publique, Chef supr\u00eame des Forces arm\u00e9es, ministre de la D\u00e9fense nationale, M. Abdelmadjid Tebboune, a pr\u00e9sid\u00e9, dimanche, une r\u00e9union du Conseil des ministres, consacr\u00e9e au projet de Code p\u00e9nal, \u00e0 des expos\u00e9s, dont celui relatif aux pr\u00e9paratifs de la rentr\u00e9e scolaire, ainsi qu&rsquo;au suivi de l&rsquo;\u00e9tat d&rsquo;avancement de nombre de projets strat\u00e9giques, a indiqu\u00e9 un communiqu\u00e9 du Conseil des ministres, dont voici la traduction APS :<\/p>\n\n\n\n<p class=\"wp-block-paragraph\">\u00ab\u00a0Le pr\u00e9sident de la R\u00e9publique, M. Abdelmadjid Tebboune, Chef supr\u00eame des Forces arm\u00e9es, ministre de la D\u00e9fense nationale, a pr\u00e9sid\u00e9, ce jour, une r\u00e9union du Conseil des ministres, consacr\u00e9e au projet de Code p\u00e9nal, \u00e0 des expos\u00e9s, dont celui relatif aux pr\u00e9paratifs de la rentr\u00e9e scolaire 2026-2027, ainsi qu&rsquo;au suivi de l&rsquo;\u00e9tat d&rsquo;avancement de la r\u00e9alisation des projets strat\u00e9giques suivants : la ligne ferroviaire mini\u00e8re Bled El Hadba-Oued Kebrit-Port d&rsquo;Annaba, le projet de quai min\u00e9ralier dans le cadre de l&rsquo;extension du Port d&rsquo;Annaba et la ligne ferroviaire El Meniaa-In Salah-Tamanrasset.<\/p>\n\n\n\n<p class=\"wp-block-paragraph\">A l&rsquo;entame de la r\u00e9union du Conseil des ministres, et suite \u00e0 la pr\u00e9sentation, par Monsieur le Premier ministre, des activit\u00e9s du Gouvernement durant la p\u00e9riode \u00e9coul\u00e9e, Monsieur le pr\u00e9sident de la R\u00e9publique a souhait\u00e9 la bienvenue aux nouveaux ministres, nomm\u00e9s lors du r\u00e9cent remaniement, leur souhaitant plein succ\u00e8s dans l&rsquo;accomplissement des missions qui leur sont d\u00e9volues.<\/p>\n\n\n\n<p class=\"wp-block-paragraph\">Monsieur le pr\u00e9sident de la R\u00e9publique a salu\u00e9 hautement l&rsquo;\u00e9lan de solidarit\u00e9 des enfants de l&rsquo;Alg\u00e9rie, de l&rsquo;int\u00e9rieur du pays et de l&rsquo;\u00e9tranger, envers leurs fr\u00e8res touch\u00e9s par les incendies, soulignant que cette mobilisation renforce sa fiert\u00e9 et son estime \u00e0 l&rsquo;endroit de toutes les composantes du peuple alg\u00e9rien, qui a agi comme un seul homme, de l&rsquo;extr\u00eame Sud \u00e0 l&rsquo;extr\u00eame Nord et de l&rsquo;extr\u00eame Est \u00e0 l&rsquo;extr\u00eame Ouest, donnant ainsi une image belle et \u00e9clatante de l&rsquo;Alg\u00e9rie \u00e0 travers le monde.<\/p>\n\n\n\n<p class=\"wp-block-paragraph\">Monsieur le pr\u00e9sident de la R\u00e9publique a adress\u00e9 ses remerciements \u00e0 l&rsquo;ensemble des fonctionnaires, personnels et agents dans les diff\u00e9rents secteurs, \u00e0 commencer par la Protection civile relevant du secteur de l&rsquo;Int\u00e9rieur, la soci\u00e9t\u00e9 Sonelgaz relevant du secteur des Energies renouvelables, la soci\u00e9t\u00e9 Mobilis relevant du secteur de la Poste et des T\u00e9l\u00e9communications, ainsi que le secteur des Travaux publics, soulignant que leurs interventions pour assurer, dans un d\u00e9lai record, un retour \u00e0 la normale dans les r\u00e9gions touch\u00e9es, notamment \u00e0 travers le r\u00e9tablissement de l&rsquo;\u00e9lectricit\u00e9, de l&rsquo;eau et de l&rsquo;internet, constituent un grand honneur pour les responsables en charge de ces secteurs.<\/p>\n\n\n\n<p class=\"wp-block-paragraph\">Monsieur le pr\u00e9sident a \u00e9galement enjoint d&rsquo;entamer, cette semaine, le versement des indemnisations, en veillant imp\u00e9rativement \u00e0 tenir le citoyen \u00e0 l&rsquo;\u00e9cart de toute proc\u00e9dure bureaucratique dans cette op\u00e9ration.<\/p>\n\n\n\n<p class=\"wp-block-paragraph\">Il a enjoint \u00e0 Monsieur le ministre de l&rsquo;Agriculture de suivre imm\u00e9diatement, sur le terrain et de pr\u00e8s, l&rsquo;op\u00e9ration d&rsquo;indemnisation dans le secteur agricole, notamment l&rsquo;indemnisation des propri\u00e9taires de cheptel, d&rsquo;autant que le secteur dispose d&rsquo;un nombre suffisant de t\u00eates de b\u00e9tail pour mener \u00e0 bien cette op\u00e9ration.<\/p>\n\n\n\n<p class=\"wp-block-paragraph\">Dans un autre volet relatif \u00e0 l&rsquo;encouragement de la production nationale, Monsieur le pr\u00e9sident de la R\u00e9publique a instruit le Gouvernement de prendre imm\u00e9diatement les mesures n\u00e9cessaires afin que les soci\u00e9t\u00e9s et entreprises nationales contribuent effectivement \u00e0 augmenter la production \u00e0 tous les niveaux, en vue de r\u00e9pondre aux besoins li\u00e9s \u00e0 l&rsquo;\u00e9quipement des grandes infrastructures en diff\u00e9rents biens et services, et ce, afin de continuer \u00e0 consolider l&rsquo;\u00e9conomie nationale et de s&rsquo;\u00e9loigner davantage d&rsquo;une politique d&rsquo;importation non \u00e9tudi\u00e9e et sans objectif.<\/p>\n\n\n\n<p class=\"wp-block-paragraph\"><strong>Concernant le projet de Code p\u00e9nal :<\/strong><\/p>\n\n\n\n<p class=\"wp-block-paragraph\">Monsieur le pr\u00e9sident de la R\u00e9publique a insist\u00e9 pour que les amendements \u00e0 ce projet de loi se limitent, outre ses pr\u00e9c\u00e9dentes orientations, \u00e0 l&rsquo;ex\u00e9cution de la peine de mort dans les deux cas suivants :<\/p>\n\n\n\n<ul class=\"wp-block-list\">\n<li>Les auteurs et les commanditaires des incendies volontaires.<\/li>\n\n\n\n<li>-Les ravisseurs de mineurs et les auteurs de s\u00e9vices sur mineurs.<\/li>\n<\/ul>\n\n\n\n<p class=\"wp-block-paragraph\"><strong>Concernant la rentr\u00e9e scolaire 2026-2027 :<\/strong><\/p>\n\n\n\n<ul class=\"wp-block-list\">\n<li>Monsieur le pr\u00e9sident de la R\u00e9publique a instruit le ministre du secteur de veiller \u00e0 une meilleure exploitation des acquis et des avantages r\u00e9cemment r\u00e9alis\u00e9s dans le secteur de l&rsquo;\u00e9ducation, dans le cadre d&rsquo;une gestion m\u00e9thodique et \u00e9tudi\u00e9e, \u00e0 m\u00eame d&rsquo;assurer la qualit\u00e9 et la performance n\u00e9cessaires pour une rentr\u00e9e scolaire r\u00e9ussie.<\/li>\n\n\n\n<li>Un investissement judicieux dans les ressources humaines consid\u00e9rables dont dispose d\u00e9sormais le secteur, lesquelles ont acquis une grande exp\u00e9rience depuis l&rsquo;ind\u00e9pendance.<\/li>\n\n\n\n<li>Monsieur le pr\u00e9sident de la R\u00e9publique a ordonn\u00e9 de tenir l&rsquo;\u00e9cole \u00e0 l&rsquo;\u00e9cart de tout courant id\u00e9ologique et de tout conflit politique st\u00e9rile, afin que le d\u00e9bat au sein du secteur demeure purement p\u00e9dagogique.<\/li>\n\n\n\n<li>S&rsquo;abstenir de tout tapage m\u00e9diatique concernant d&rsquo;\u00e9ventuels changements dans le secteur de l&rsquo;\u00e9ducation, chaque proposition devant \u00eatre d\u00e9battue exclusivement en Conseil des ministres.<\/li>\n<\/ul>\n\n\n\n<p class=\"wp-block-paragraph\"><strong>Concernant l&rsquo;Agence nationale d&rsquo;arch\u00e9ologie, son organisation et son fonctionnement :<\/strong><\/p>\n\n\n\n<ul class=\"wp-block-list\">\n<li>Monsieur le pr\u00e9sident de la R\u00e9publique a soulign\u00e9 la n\u00e9cessit\u00e9 d&rsquo;op\u00e9rer, \u00e0 travers la cr\u00e9ation de cette agence, une r\u00e9volution scientifique dans le domaine arch\u00e9ologique, les fouilles en particulier. Il incombera \u00e0 l&rsquo;agence d&rsquo;\u0153uvrer \u00e0 promouvoir la profondeur du patrimoine alg\u00e9rien et son impact civilisationnel, \u00e0 travers les diff\u00e9rentes p\u00e9riodes de l&rsquo;histoire, de par sa richesse et sa diversit\u00e9, s&rsquo;\u00e9tendant sur 3.000 ans depuis le Royaume de Numidie et sa capitale Constantine \u00e0 ce jour, qui m\u00e9rite d&rsquo;\u00eatre davantage valoris\u00e9 et mis en lumi\u00e8re.<\/li>\n\n\n\n<li>Cette instance devra jouir d&rsquo;une autonomie financi\u00e8re et administrative, sous la tutelle directe de la Pr\u00e9sidence de la R\u00e9publique.<\/li>\n<\/ul>\n\n\n\n<p class=\"wp-block-paragraph\"><strong>Concernant la ligne ferroviaire mini\u00e8re Bled El Hadba-Oued Kebrit-Port d&rsquo;Annaba :<\/strong><\/p>\n\n\n\n<ul class=\"wp-block-list\">\n<li>Monsieur le pr\u00e9sident de la R\u00e9publique s&rsquo;est f\u00e9licit\u00e9 du rythme d&rsquo;avancement des travaux pour la livraison du projet dans les d\u00e9lais impartis et le lancement de la production en mars 2027.<\/li>\n<\/ul>\n\n\n\n<p class=\"wp-block-paragraph\"><strong>Concernant la ligne ferroviaire reliant Tamanrasset au Nord du pays, en passant par Laghouat-Gharda\u00efa-El Meniaa-In Salah-Tamanrasset :<\/strong><\/p>\n\n\n\n<ul class=\"wp-block-list\">\n<li>Monsieur le pr\u00e9sident de la R\u00e9publique a affirm\u00e9 que cette ligne strat\u00e9gique constitue une priorit\u00e9 absolue, appelant \u00e0 concentrer les efforts pour garantir sa livraison dans les d\u00e9lais impartis et sa mise en service \u00e0 la fin de 2028, en tant que r\u00e9alisation historique et in\u00e9dite dans l&rsquo;Alg\u00e9rie victorieuse.<\/li>\n<\/ul>\n\n\n\n<p class=\"wp-block-paragraph\">La r\u00e9union du Conseil des ministres s&rsquo;est achev\u00e9e par l&rsquo;approbation de d\u00e9crets et de d\u00e9cisions individuelles\u00a0\u00bb.<\/p>\n","protected":false},"excerpt":{"rendered":"<p>Le pr\u00e9sident de la R\u00e9publique, Chef supr\u00eame des Forces arm\u00e9es, ministre de la D\u00e9fense nationale, M. Abdelmadjid Tebboune, a pr\u00e9sid\u00e9, dimanche, une r\u00e9union du Conseil des ministres, consacr\u00e9e au projet de Code p\u00e9nal, \u00e0 des expos\u00e9s, dont celui relatif aux pr\u00e9paratifs de la rentr\u00e9e scolaire, ainsi qu&rsquo;au suivi de l&rsquo;\u00e9tat [&hellip;]<\/p>\n","protected":false},"author":3,"featured_media":68047,"comment_status":"closed","ping_status":"closed","sticky":false,"template":"","format":"standard","meta":{"footnotes":""},"categories":[236,36],"tags":[228,393],"class_list":["post-68046","post","type-post","status-publish","format-standard","has-post-thumbnail","hentry","category-a-la-une","category-actualites","tag-abdelmadjid-tebboune","tag-conseil-des-ministres"],"_links":{"self":[{"href":"https:\/\/alger16.dz\/index.php?rest_route=\/wp\/v2\/posts\/68046","targetHints":{"allow":["GET"]}}],"collection":[{"href":"https:\/\/alger16.dz\/index.php?rest_route=\/wp\/v2\/posts"}],"about":[{"href":"https:\/\/alger16.dz\/index.php?rest_route=\/wp\/v2\/types\/post"}],"author":[{"embeddable":true,"href":"https:\/\/alger16.dz\/index.php?rest_route=\/wp\/v2\/users\/3"}],"replies":[{"embeddable":true,"href":"https:\/\/alger16.dz\/index.php?rest_route=%2Fwp%2Fv2%2Fcomments&post=68046"}],"version-history":[{"count":1,"href":"https:\/\/alger16.dz\/index.php?rest_route=\/wp\/v2\/posts\/68046\/revisions"}],"predecessor-version":[{"id":68048,"href":"https:\/\/alger16.dz\/index.php?rest_route=\/wp\/v2\/posts\/68046\/revisions\/68048"}],"wp:featuredmedia":[{"embeddable":true,"href":"https:\/\/alger16.dz\/index.php?rest_route=\/wp\/v2\/media\/68047"}],"wp:attachment":[{"href":"https:\/\/alger16.dz\/index.php?rest_route=%2Fwp%2Fv2%2Fmedia&parent=68046"}],"wp:term":[{"taxonomy":"category","embeddable":true,"href":"https:\/\/alger16.dz\/index.php?rest_route=%2Fwp%2Fv2%2Fcategories&post=68046"},{"taxonomy":"post_tag","embeddable":true,"href":"https:\/\/alger16.dz\/index.php?rest_route=%2Fwp%2Fv2%2Ftags&post=68046"}],"curies":[{"name":"wp","href":"https:\/\/api.w.org\/{rel}","templated":true}]}}