{"id":68054,"date":"2026-09-06T21:28:47","date_gmt":"2026-09-06T21:28:47","guid":{"rendered":"https:\/\/alger16.dz\/?p=68054"},"modified":"2026-09-06T21:28:48","modified_gmt":"2026-09-06T21:28:48","slug":"mobilis-les-travaux-de-rehabilitation-dans-les-zones-touchees-finalises","status":"publish","type":"post","link":"https:\/\/alger16.dz\/?p=68054","title":{"rendered":"Mobilis : Les travaux de r\u00e9habilitation dans les zones touch\u00e9es finalis\u00e9s"},"content":{"rendered":"\n<figure class=\"wp-block-image size-large\"><img loading=\"lazy\" decoding=\"async\" width=\"1024\" height=\"638\" src=\"https:\/\/alger16.dz\/wp-content\/uploads\/2026\/09\/mobnilis-1024x638.jpg\" alt=\"\" class=\"wp-image-68061\" srcset=\"https:\/\/alger16.dz\/wp-content\/uploads\/2026\/09\/mobnilis-1024x638.jpg 1024w, https:\/\/alger16.dz\/wp-content\/uploads\/2026\/09\/mobnilis-300x187.jpg 300w, https:\/\/alger16.dz\/wp-content\/uploads\/2026\/09\/mobnilis-767x478.jpg 767w, https:\/\/alger16.dz\/wp-content\/uploads\/2026\/09\/mobnilis.jpg 1207w\" sizes=\"auto, (max-width: 1024px) 100vw, 1024px\" \/><\/figure>\n\n\n\n<p class=\"wp-block-paragraph\">L&rsquo;entreprise Mobilis a annonc\u00e9, samedi dernier dans un communiqu\u00e9, la finalisation des travaux de r\u00e9habilitation, de r\u00e9novation et de remise en service de l&rsquo;ensemble des sites touch\u00e9s r\u00e9cemment par les feux.<br>Mobilis \u00ab\u00a0a achev\u00e9, vendredi \u00e0 02h00 du matin, la r\u00e9habilitation, la r\u00e9novation et la remise en service de tous les sites touch\u00e9s par les incendies\u00a0\u00bb, pr\u00e9cise le communiqu\u00e9.<br>Il s&rsquo;agit de \u00ab\u00a0trois (3) sites endommag\u00e9s en raison de leur emplacement au milieu des zones touch\u00e9es par les r\u00e9cents incendies, sachant que les op\u00e9rations de r\u00e9habilitation et de r\u00e9novation avaient \u00e9t\u00e9 lanc\u00e9es au d\u00e9but de la semaine \u00e9coul\u00e9e\u00a0\u00bb.<br>Ainsi, l&rsquo;entreprise aura achev\u00e9 le r\u00e9tablissement \u00ab\u00a0de mani\u00e8re compl\u00e8te et permanente\u00a0\u00bb du fonctionnement de tous les sites situ\u00e9s dans les zones r\u00e9cemment touch\u00e9es par les incendies, souligne le communiqu\u00e9.<br>A cet \u00e9gard, Mobilis a indiqu\u00e9 qu&rsquo;elle avait \u00ab\u00a0renforc\u00e9 ces zones par des stations mobiles, tout en enregistrant \u00e9galement une r\u00e9ponse et une intervention tr\u00e8s rapides, permettant ainsi la continuit\u00e9 du service dans la majorit\u00e9 des zones concern\u00e9es, ce qui refl\u00e8te \u00ab\u00a0l&rsquo;engagement de l&rsquo;entreprise et de ses travailleurs dans l&rsquo;accomplissement de leur r\u00f4le central, ainsi que de leur mobilisation sans pareille en toutes circonstances\u00a0\u00bb, ajoute la m\u00eame source.<\/p>\n","protected":false},"excerpt":{"rendered":"<p>L&rsquo;entreprise Mobilis a annonc\u00e9, samedi dernier dans un communiqu\u00e9, la finalisation des travaux de r\u00e9habilitation, de r\u00e9novation et de remise en service de l&rsquo;ensemble des sites touch\u00e9s r\u00e9cemment par les feux.Mobilis \u00ab\u00a0a achev\u00e9, vendredi \u00e0 02h00 du matin, la r\u00e9habilitation, la r\u00e9novation et la remise en service de tous les [&hellip;]<\/p>\n","protected":false},"author":3,"featured_media":68061,"comment_status":"closed","ping_status":"closed","sticky":false,"template":"","format":"standard","meta":{"footnotes":""},"categories":[36],"tags":[5705,219],"class_list":["post-68054","post","type-post","status-publish","format-standard","has-post-thumbnail","hentry","category-actualites","tag-incendies","tag-mobilis"],"_links":{"self":[{"href":"https:\/\/alger16.dz\/index.php?rest_route=\/wp\/v2\/posts\/68054","targetHints":{"allow":["GET"]}}],"collection":[{"href":"https:\/\/alger16.dz\/index.php?rest_route=\/wp\/v2\/posts"}],"about":[{"href":"https:\/\/alger16.dz\/index.php?rest_route=\/wp\/v2\/types\/post"}],"author":[{"embeddable":true,"href":"https:\/\/alger16.dz\/index.php?rest_route=\/wp\/v2\/users\/3"}],"replies":[{"embeddable":true,"href":"https:\/\/alger16.dz\/index.php?rest_route=%2Fwp%2Fv2%2Fcomments&post=68054"}],"version-history":[{"count":1,"href":"https:\/\/alger16.dz\/index.php?rest_route=\/wp\/v2\/posts\/68054\/revisions"}],"predecessor-version":[{"id":68062,"href":"https:\/\/alger16.dz\/index.php?rest_route=\/wp\/v2\/posts\/68054\/revisions\/68062"}],"wp:featuredmedia":[{"embeddable":true,"href":"https:\/\/alger16.dz\/index.php?rest_route=\/wp\/v2\/media\/68061"}],"wp:attachment":[{"href":"https:\/\/alger16.dz\/index.php?rest_route=%2Fwp%2Fv2%2Fmedia&parent=68054"}],"wp:term":[{"taxonomy":"category","embeddable":true,"href":"https:\/\/alger16.dz\/index.php?rest_route=%2Fwp%2Fv2%2Fcategories&post=68054"},{"taxonomy":"post_tag","embeddable":true,"href":"https:\/\/alger16.dz\/index.php?rest_route=%2Fwp%2Fv2%2Ftags&post=68054"}],"curies":[{"name":"wp","href":"https:\/\/api.w.org\/{rel}","templated":true}]}}