{"id":68060,"date":"2026-09-06T21:30:13","date_gmt":"2026-09-06T21:30:13","guid":{"rendered":"https:\/\/alger16.dz\/?p=68060"},"modified":"2026-09-06T21:30:14","modified_gmt":"2026-09-06T21:30:14","slug":"vente-de-manuels-et-de-fournitures-scolaires-ouverture-de-marches-de-proximite-a-travers-les-wilayas-du-pays","status":"publish","type":"post","link":"https:\/\/alger16.dz\/?p=68060","title":{"rendered":"Vente de manuels et de fournitures scolaires : Ouverture de march\u00e9s de proximit\u00e9 \u00e0 travers les wilayas du pays"},"content":{"rendered":"\n<figure class=\"wp-block-image size-large\"><img loading=\"lazy\" decoding=\"async\" width=\"1024\" height=\"538\" src=\"https:\/\/alger16.dz\/wp-content\/uploads\/2026\/09\/scolair-1024x538.jpg\" alt=\"\" class=\"wp-image-68064\" srcset=\"https:\/\/alger16.dz\/wp-content\/uploads\/2026\/09\/scolair-1024x538.jpg 1024w, https:\/\/alger16.dz\/wp-content\/uploads\/2026\/09\/scolair-300x158.jpg 300w, https:\/\/alger16.dz\/wp-content\/uploads\/2026\/09\/scolair-768x403.jpg 768w, https:\/\/alger16.dz\/wp-content\/uploads\/2026\/09\/scolair.jpg 1200w\" sizes=\"auto, (max-width: 1024px) 100vw, 1024px\" \/><\/figure>\n\n\n\n<p class=\"wp-block-paragraph\">Des espaces et des march\u00e9s de proximit\u00e9 d\u00e9di\u00e9s \u00e0 la vente de manuels et de fournitures scolaires ont \u00e9t\u00e9 ouverts, samedi dernier, \u00e0 travers les diff\u00e9rentes wilayas du pays, en pr\u00e9vision de la rentr\u00e9e scolaire 2026-2027, a indiqu\u00e9 un communiqu\u00e9 du minist\u00e8re de l&rsquo;Int\u00e9rieur, des Collectivit\u00e9s locales et des Transports. \u00ab\u00a0En application des instructions donn\u00e9es par le ministre de l&rsquo;Int\u00e9rieur, des Collectivit\u00e9s locales et des Transports, M. Sa\u00efd Sayoud, lors de sa r\u00e9union avec les walis concernant l&rsquo;am\u00e9nagement d&rsquo;espaces et de march\u00e9s de proximit\u00e9 d\u00e9di\u00e9s \u00e0 la vente de manuels, d&rsquo;articles et de fournitures scolaires, les walis de la R\u00e9publique ont supervis\u00e9, ce matin, en coordination avec les services du commerce int\u00e9rieur et de la r\u00e9gulation du march\u00e9, l&rsquo;ouverture de ces espaces, en pr\u00e9vision de la rentr\u00e9e scolaire 2026-2027\u00a0\u00bb, pr\u00e9cise le communiqu\u00e9. Cette op\u00e9ration, qui s&rsquo;inscrit dans le cadre de la poursuite des pr\u00e9paratifs de la rentr\u00e9e scolaire, vise \u00e0 \u00ab\u00a0mettre \u00e0 disposition diverses fournitures scolaires au sein d&rsquo;espaces organis\u00e9s, \u00e0 des prix raisonnables et comp\u00e9titifs, contribuant ainsi \u00e0 soutenir le pouvoir d&rsquo;achat des m\u00e9nages\u00a0\u00bb. Inspectant les diff\u00e9rents espaces d\u00e9di\u00e9s \u00e0 cette op\u00e9ration, les walis se sont enquis de la disponibilit\u00e9 et de la diversit\u00e9 des manuels, articles et fournitures scolaires propos\u00e9s, tout en insistant sur \u00ab\u00a0la n\u00e9cessit\u00e9 d&rsquo;en garantir la disponibilit\u00e9 \u00e0 des prix abordables dans les meilleures conditions\u00a0\u00bb. Cette d\u00e9marche, rappelle-t-on, s&rsquo;inscrit dans le cadre des efforts visant \u00e0 accompagner les familles et \u00e0 prot\u00e9ger leur pouvoir d&rsquo;achat \u00e0 l&rsquo;approche de la rentr\u00e9e scolaire, en \u00ab\u00a0garantissant la disponibilit\u00e9 des fournitures scolaires \u00e0 des prix comp\u00e9titifs\u00a0\u00bb.<br>R.N.<\/p>\n","protected":false},"excerpt":{"rendered":"<p>Des espaces et des march\u00e9s de proximit\u00e9 d\u00e9di\u00e9s \u00e0 la vente de manuels et de fournitures scolaires ont \u00e9t\u00e9 ouverts, samedi dernier, \u00e0 travers les diff\u00e9rentes wilayas du pays, en pr\u00e9vision de la rentr\u00e9e scolaire 2026-2027, a indiqu\u00e9 un communiqu\u00e9 du minist\u00e8re de l&rsquo;Int\u00e9rieur, des Collectivit\u00e9s locales et des Transports. [&hellip;]<\/p>\n","protected":false},"author":3,"featured_media":68064,"comment_status":"closed","ping_status":"closed","sticky":false,"template":"","format":"standard","meta":{"footnotes":""},"categories":[36],"tags":[727],"class_list":["post-68060","post","type-post","status-publish","format-standard","has-post-thumbnail","hentry","category-actualites","tag-rentree-scolaire"],"_links":{"self":[{"href":"https:\/\/alger16.dz\/index.php?rest_route=\/wp\/v2\/posts\/68060","targetHints":{"allow":["GET"]}}],"collection":[{"href":"https:\/\/alger16.dz\/index.php?rest_route=\/wp\/v2\/posts"}],"about":[{"href":"https:\/\/alger16.dz\/index.php?rest_route=\/wp\/v2\/types\/post"}],"author":[{"embeddable":true,"href":"https:\/\/alger16.dz\/index.php?rest_route=\/wp\/v2\/users\/3"}],"replies":[{"embeddable":true,"href":"https:\/\/alger16.dz\/index.php?rest_route=%2Fwp%2Fv2%2Fcomments&post=68060"}],"version-history":[{"count":1,"href":"https:\/\/alger16.dz\/index.php?rest_route=\/wp\/v2\/posts\/68060\/revisions"}],"predecessor-version":[{"id":68065,"href":"https:\/\/alger16.dz\/index.php?rest_route=\/wp\/v2\/posts\/68060\/revisions\/68065"}],"wp:featuredmedia":[{"embeddable":true,"href":"https:\/\/alger16.dz\/index.php?rest_route=\/wp\/v2\/media\/68064"}],"wp:attachment":[{"href":"https:\/\/alger16.dz\/index.php?rest_route=%2Fwp%2Fv2%2Fmedia&parent=68060"}],"wp:term":[{"taxonomy":"category","embeddable":true,"href":"https:\/\/alger16.dz\/index.php?rest_route=%2Fwp%2Fv2%2Fcategories&post=68060"},{"taxonomy":"post_tag","embeddable":true,"href":"https:\/\/alger16.dz\/index.php?rest_route=%2Fwp%2Fv2%2Ftags&post=68060"}],"curies":[{"name":"wp","href":"https:\/\/api.w.org\/{rel}","templated":true}]}}