{"id":68063,"date":"2026-09-06T21:31:15","date_gmt":"2026-09-06T21:31:15","guid":{"rendered":"https:\/\/alger16.dz\/?p=68063"},"modified":"2026-09-06T21:38:51","modified_gmt":"2026-09-06T21:38:51","slug":"baladna-1-000-postes-ouverts-dans-le-sud-du-pays","status":"publish","type":"post","link":"https:\/\/alger16.dz\/?p=68063","title":{"rendered":"Baladna : 1.000 Postes ouverts dans le sud du pays"},"content":{"rendered":"\n<figure class=\"wp-block-image size-full\"><img loading=\"lazy\" decoding=\"async\" width=\"799\" height=\"531\" src=\"https:\/\/alger16.dz\/wp-content\/uploads\/2026\/09\/bladna.jpg\" alt=\"\" class=\"wp-image-68067\" srcset=\"https:\/\/alger16.dz\/wp-content\/uploads\/2026\/09\/bladna.jpg 799w, https:\/\/alger16.dz\/wp-content\/uploads\/2026\/09\/bladna-300x199.jpg 300w, https:\/\/alger16.dz\/wp-content\/uploads\/2026\/09\/bladna-767x510.jpg 767w\" sizes=\"auto, (max-width: 799px) 100vw, 799px\" \/><\/figure>\n\n\n\n<p class=\"wp-block-paragraph\">La caravane de prospection des comp\u00e9tences de la soci\u00e9t\u00e9 \u2018\u2019Baladna Alg\u00e9rie\u2019\u2019, relevant du projet int\u00e9gr\u00e9 alg\u00e9ro-qatari de production de la poudre de lait, a fait escale samedi dernier \u00e0 Adrar, premi\u00e8re \u00e9tape d\u2019une tourn\u00e9e destin\u00e9e \u00e0 attirer des talents et oeuvrer \u00e0 cr\u00e9er 1.000 postes d\u2019emploi dans diff\u00e9rentes sp\u00e9cialit\u00e9s, a-t-on appris des responsables de l\u2019entreprise.<br>Cette initiative a attir\u00e9 un large public, notamment des jeunes qui se sont rendus \u00e0 l\u2019h\u00f4tel Touat d\u2019Adrar, pour d\u00e9poser leurs CV et passer des entretiens. Elle vise \u00e0 constituer une base de donn\u00e9es de ressources humaines dans diff\u00e9rents domaines, notamment l\u2019agriculture, l\u2019\u00e9levage et la production laiti\u00e8re, a pr\u00e9cis\u00e9 le directeur des ressources humaines de l\u2019entreprise, Othmane Ouadah. Apr\u00e8s Adrar, la caravane se rendra prochainement \u00e0 Constantine, Oran et Alger, selon le m\u00eame responsable, signalant que les candidats seront prochainement s\u00e9lectionn\u00e9s en coordination avec les services de l\u2019emploi, parall\u00e8lement au lancement du projet implant\u00e9 \u00e0 Adar.<\/p>\n","protected":false},"excerpt":{"rendered":"<p>La caravane de prospection des comp\u00e9tences de la soci\u00e9t\u00e9 \u2018\u2019Baladna Alg\u00e9rie\u2019\u2019, relevant du projet int\u00e9gr\u00e9 alg\u00e9ro-qatari de production de la poudre de lait, a fait escale samedi dernier \u00e0 Adrar, premi\u00e8re \u00e9tape d\u2019une tourn\u00e9e destin\u00e9e \u00e0 attirer des talents et oeuvrer \u00e0 cr\u00e9er 1.000 postes d\u2019emploi dans diff\u00e9rentes sp\u00e9cialit\u00e9s, a-t-on [&hellip;]<\/p>\n","protected":false},"author":3,"featured_media":68067,"comment_status":"closed","ping_status":"closed","sticky":false,"template":"","format":"standard","meta":{"footnotes":""},"categories":[36],"tags":[2428],"class_list":["post-68063","post","type-post","status-publish","format-standard","has-post-thumbnail","hentry","category-actualites","tag-baladna"],"_links":{"self":[{"href":"https:\/\/alger16.dz\/index.php?rest_route=\/wp\/v2\/posts\/68063","targetHints":{"allow":["GET"]}}],"collection":[{"href":"https:\/\/alger16.dz\/index.php?rest_route=\/wp\/v2\/posts"}],"about":[{"href":"https:\/\/alger16.dz\/index.php?rest_route=\/wp\/v2\/types\/post"}],"author":[{"embeddable":true,"href":"https:\/\/alger16.dz\/index.php?rest_route=\/wp\/v2\/users\/3"}],"replies":[{"embeddable":true,"href":"https:\/\/alger16.dz\/index.php?rest_route=%2Fwp%2Fv2%2Fcomments&post=68063"}],"version-history":[{"count":1,"href":"https:\/\/alger16.dz\/index.php?rest_route=\/wp\/v2\/posts\/68063\/revisions"}],"predecessor-version":[{"id":68068,"href":"https:\/\/alger16.dz\/index.php?rest_route=\/wp\/v2\/posts\/68063\/revisions\/68068"}],"wp:featuredmedia":[{"embeddable":true,"href":"https:\/\/alger16.dz\/index.php?rest_route=\/wp\/v2\/media\/68067"}],"wp:attachment":[{"href":"https:\/\/alger16.dz\/index.php?rest_route=%2Fwp%2Fv2%2Fmedia&parent=68063"}],"wp:term":[{"taxonomy":"category","embeddable":true,"href":"https:\/\/alger16.dz\/index.php?rest_route=%2Fwp%2Fv2%2Fcategories&post=68063"},{"taxonomy":"post_tag","embeddable":true,"href":"https:\/\/alger16.dz\/index.php?rest_route=%2Fwp%2Fv2%2Ftags&post=68063"}],"curies":[{"name":"wp","href":"https:\/\/api.w.org\/{rel}","templated":true}]}}