{"id":7843,"date":"2024-01-07T10:48:49","date_gmt":"2024-01-07T10:48:49","guid":{"rendered":"https:\/\/alger16.dz\/?p=7843"},"modified":"2024-01-07T10:48:50","modified_gmt":"2024-01-07T10:48:50","slug":"regulation-du-marche-des-produits-de-consommation-des-decisions-rigoureuses-sont-une-necessite","status":"publish","type":"post","link":"https:\/\/alger16.dz\/?p=7843","title":{"rendered":"r\u00e9gulation du march\u00e9 des produits de consommation : Des d\u00e9cisions \u00ab\u00a0rigoureuses\u00a0\u00bb sont une n\u00e9cessit\u00e9"},"content":{"rendered":"\n<p>Par Kheireddine B.<\/p>\n\n\n\n<p><strong><em>Le ministre du Commerce et de la Promotion des exportations, Tayeb Zitouni, a affirm\u00e9, jeudi dernier \u00e0 Djelfa, l\u2019adoption r\u00e9cente par le gouvernement de nombre de d\u00e9crets ex\u00e9cutifs englobant des d\u00e9cisions \u201crigoureuses\u201d destin\u00e9es \u00e0 r\u00e9guler le march\u00e9 des produits de consommation, en application des instructions du pr\u00e9sident de la R\u00e9publique, Abdelmadjid Tebboune.<\/em><\/strong><\/p>\n\n\n\n<figure class=\"wp-block-image size-full is-resized\"><img loading=\"lazy\" decoding=\"async\" width=\"640\" height=\"425\" src=\"https:\/\/alger16.dz\/wp-content\/uploads\/2024\/01\/commerce-2.jpg\" alt=\"\" class=\"wp-image-7844\" style=\"width:830px;height:auto\" srcset=\"https:\/\/alger16.dz\/wp-content\/uploads\/2024\/01\/commerce-2.jpg 640w, https:\/\/alger16.dz\/wp-content\/uploads\/2024\/01\/commerce-2-300x199.jpg 300w\" sizes=\"auto, (max-width: 640px) 100vw, 640px\" \/><\/figure>\n\n\n\n<p><br>\u201cDans le cadre de la mise en \u0153uvre des instructions du pr\u00e9sident de la R\u00e9publique, le gouvernement a adopt\u00e9, derni\u00e8rement, des d\u00e9crets ex\u00e9cutifs englobant des d\u00e9cisions rigoureuses pour le contr\u00f4le du march\u00e9 et le renforcement de ses m\u00e9canismes d\u2019organisation\u201d, a indiqu\u00e9 le ministre lors d\u2019un point de presse anim\u00e9 en marge d&rsquo;une visite de travail dans la wilaya de Djelfa.<br>Il a rappel\u00e9 que ces d\u00e9cisions ont \u00e9t\u00e9 prises \u00e0 la suite du \u201cconstat de pratiques commerciales immorales\u201d et de \u201cd\u00e9passements dans les chaines de distribution, organisation et fourniture des produits de consommation au citoyen, avec la pr\u00e9sence de nombreux interm\u00e9diaires\u201d. Des faits ayant n\u00e9cessit\u00e9 de faire appel \u201c\u00e0 la force de la stricte application de la loi\u201d, a-t-il ajout\u00e9.<br>Le ministre du Commerce a \u00e9voqu\u00e9 plusieurs d\u00e9crets ex\u00e9cutifs adopt\u00e9s par le gouvernement, dont celui plafonnant les marges b\u00e9n\u00e9ficiaires des produits de large consommation, inscrit dans le cadre des \u201cm\u00e9canismes juridiques r\u00e9gulant le march\u00e9\u201d. Il a d\u00e9crit une nouvelle approche impliquant les grandes surfaces commerciales et les producteurs dans la r\u00e9gulation du march\u00e9, visant \u00e0 garantir les besoins des citoyens, notamment en produits de large consommation, pour renforcer une vision organis\u00e9e des m\u00e9canismes de distribution. Sa visite dans la wilaya a d\u00e9but\u00e9 par une inspection du march\u00e9 r\u00e9gional des l\u00e9gumes et fruits de A\u00efn Oussera, o\u00f9 il a encourag\u00e9 l&rsquo;acquisition et la vente directe des produits avec une assurance de cha\u00eene du froid pour g\u00e9rer le surplus de production.<br>M.\u2008Zitouni a rappel\u00e9 l&rsquo;engagement du pr\u00e9sident de la R\u00e9publique \u00e0 cr\u00e9er un march\u00e9 bas\u00e9 sur la cr\u00e9ation de valeur ajout\u00e9e et l&rsquo;utilisation des ressources locales.<br>Le ministre a \u00e9galement visit\u00e9 une huilerie \u00e0 Hassi Bahbah, remettant une autorisation d\u00e9finitive d\u2019exploitation. A Djelfa, il a inspect\u00e9 une unit\u00e9 de production de pompes et s&rsquo;est inform\u00e9 de l&rsquo;op\u00e9ration de num\u00e9risation au Centre du registre du commerce de la wilaya. Il a soulign\u00e9 l&rsquo;importance accord\u00e9e par le pr\u00e9sident de la R\u00e9publique \u00e0 la num\u00e9risation. Sa visite s&rsquo;est conclue par une r\u00e9union avec les cadres locaux du secteur. <\/p>\n","protected":false},"excerpt":{"rendered":"<p>Par Kheireddine B. Le ministre du Commerce et de la Promotion des exportations, Tayeb Zitouni, a affirm\u00e9, jeudi dernier \u00e0 Djelfa, l\u2019adoption r\u00e9cente par le gouvernement de nombre de d\u00e9crets ex\u00e9cutifs englobant des d\u00e9cisions \u201crigoureuses\u201d destin\u00e9es \u00e0 r\u00e9guler le march\u00e9 des produits de consommation, en application des instructions du pr\u00e9sident [&hellip;]<\/p>\n","protected":false},"author":3,"featured_media":7844,"comment_status":"open","ping_status":"open","sticky":false,"template":"","format":"standard","meta":{"footnotes":""},"categories":[63],"tags":[],"class_list":["post-7843","post","type-post","status-publish","format-standard","has-post-thumbnail","hentry","category-economie"],"_links":{"self":[{"href":"https:\/\/alger16.dz\/index.php?rest_route=\/wp\/v2\/posts\/7843","targetHints":{"allow":["GET"]}}],"collection":[{"href":"https:\/\/alger16.dz\/index.php?rest_route=\/wp\/v2\/posts"}],"about":[{"href":"https:\/\/alger16.dz\/index.php?rest_route=\/wp\/v2\/types\/post"}],"author":[{"embeddable":true,"href":"https:\/\/alger16.dz\/index.php?rest_route=\/wp\/v2\/users\/3"}],"replies":[{"embeddable":true,"href":"https:\/\/alger16.dz\/index.php?rest_route=%2Fwp%2Fv2%2Fcomments&post=7843"}],"version-history":[{"count":1,"href":"https:\/\/alger16.dz\/index.php?rest_route=\/wp\/v2\/posts\/7843\/revisions"}],"predecessor-version":[{"id":7845,"href":"https:\/\/alger16.dz\/index.php?rest_route=\/wp\/v2\/posts\/7843\/revisions\/7845"}],"wp:featuredmedia":[{"embeddable":true,"href":"https:\/\/alger16.dz\/index.php?rest_route=\/wp\/v2\/media\/7844"}],"wp:attachment":[{"href":"https:\/\/alger16.dz\/index.php?rest_route=%2Fwp%2Fv2%2Fmedia&parent=7843"}],"wp:term":[{"taxonomy":"category","embeddable":true,"href":"https:\/\/alger16.dz\/index.php?rest_route=%2Fwp%2Fv2%2Fcategories&post=7843"},{"taxonomy":"post_tag","embeddable":true,"href":"https:\/\/alger16.dz\/index.php?rest_route=%2Fwp%2Fv2%2Ftags&post=7843"}],"curies":[{"name":"wp","href":"https:\/\/api.w.org\/{rel}","templated":true}]}}