{"id":8615,"date":"2024-01-21T13:03:22","date_gmt":"2024-01-21T13:03:22","guid":{"rendered":"https:\/\/alger16.dz\/?p=8615"},"modified":"2024-01-21T13:03:23","modified_gmt":"2024-01-21T13:03:23","slug":"lalgerie-suggere-la-creation-dun-centre-dexcellence-pour-la-valorisation-des-experiences-reussies-des-startups-dans-les-pays-du-sud","status":"publish","type":"post","link":"https:\/\/alger16.dz\/?p=8615","title":{"rendered":"L&rsquo;Alg\u00e9rie sugg\u00e8re la cr\u00e9ation d&rsquo;un centre d&rsquo;excellence pour la valorisation des exp\u00e9riences r\u00e9ussies des startups dans les pays du Sud"},"content":{"rendered":"\n<p><strong>Le pr\u00e9sident de la R\u00e9publique, M. Abdelmadjid Tebboune, a affirm\u00e9 dans une allocution, lue en son nom, par le Premier ministre, Nadir Larbaoui, devant les participants au 3e Sommet du Sud du G77+Chine qui se tient dimanche \u00e0 Kampala, que l&rsquo;Alg\u00e9rie aspirait \u00e0 lancer une initiative au niveau des pays du Sud pour la cr\u00e9ation d&rsquo;un Centre d&rsquo;excellence d\u00e9di\u00e9 \u00e0 la valorisation des exp\u00e9riences r\u00e9ussies des startups innovantes, dans le souci de jeter les ponts de communication et d&rsquo;\u00e9changer les exp\u00e9riences et initiatives entre les pays membres de cet espace.<\/strong><\/p>\n\n\n\n<figure class=\"wp-block-image size-full is-resized\"><img loading=\"lazy\" decoding=\"async\" width=\"280\" height=\"169\" src=\"https:\/\/alger16.dz\/wp-content\/uploads\/2024\/01\/eq-13.jpg\" alt=\"\" class=\"wp-image-8616\" style=\"width:771px;height:auto\"\/><\/figure>\n\n\n\n<p>Cette initiative \u00e9mane de la vision de l&rsquo;Alg\u00e9rie pr\u00e9sent\u00e9e par le pr\u00e9sident de la R\u00e9publique, visant \u00e0 \u00ab\u00a0\u00e9riger la science, la technologie et l&rsquo;innovation en terrains propices \u00e0 la coop\u00e9ration Sud-Sud, \u00e9tant catalyseurs pour la croissance \u00e9conomique et le d\u00e9veloppement durable, d&rsquo;o\u00f9 l&rsquo;imp\u00e9ratif de valoriser leur contribution \u00e0 la r\u00e9alisation des objectifs de d\u00e9veloppement \u00e0 travers des politiques favorisant le d\u00e9veloppement des comp\u00e9tences et la promotion de la recherche et de l&rsquo;innovation scientifique et technologique\u00a0\u00bb.<\/p>\n\n\n\n<blockquote class=\"wp-block-quote is-layout-flow wp-block-quote-is-layout-flow\">\n<p><em><strong>Il a mis en avant, \u00e9galement, \u00ab\u00a0la n\u00e9cessit\u00e9 d&rsquo;accorder la priorit\u00e9 aux solutions permettant d&rsquo;aplanir les entraves technologiques et les pratiques injustes limitant l&rsquo;acc\u00e8s des pays du Sud \u00e0 ces outils modernes et essentiels pour le d\u00e9veloppement\u00a0\u00bb.<\/strong><\/em><\/p>\n<\/blockquote>\n\n\n\n<p>A ce propos, le pr\u00e9sident Tebboune a rappel\u00e9 \u00ab\u00a0les efforts de l&rsquo;Alg\u00e9rie visant \u00e0 renforcer le dialogue, la coop\u00e9ration et l&rsquo;\u00e9change d&rsquo;exp\u00e9riences dans le domaine des startups \u00e0 l&rsquo;\u00e9chelle africaine, via notamment ses efforts pour la mise en \u0153uvre des conclusions du 2e Forum africain des startups, tenu en Alg\u00e9rie d\u00e9cembre dernier, en sus des mesures prises pour \u00e9tablir un cadre africain \u00e0 m\u00eame de d\u00e9velopper ce type d&rsquo;entreprises en coordination avec les organes de l&rsquo;Union africaine\u00a0\u00bb.<\/p>\n","protected":false},"excerpt":{"rendered":"<p>Le pr\u00e9sident de la R\u00e9publique, M. Abdelmadjid Tebboune, a affirm\u00e9 dans une allocution, lue en son nom, par le Premier ministre, Nadir Larbaoui, devant les participants au 3e Sommet du Sud du G77+Chine qui se tient dimanche \u00e0 Kampala, que l&rsquo;Alg\u00e9rie aspirait \u00e0 lancer une initiative au niveau des pays [&hellip;]<\/p>\n","protected":false},"author":3,"featured_media":8616,"comment_status":"open","ping_status":"open","sticky":false,"template":"","format":"standard","meta":{"footnotes":""},"categories":[63,62],"tags":[],"class_list":["post-8615","post","type-post","status-publish","format-standard","has-post-thumbnail","hentry","category-economie","category-le-savez-vous"],"_links":{"self":[{"href":"https:\/\/alger16.dz\/index.php?rest_route=\/wp\/v2\/posts\/8615","targetHints":{"allow":["GET"]}}],"collection":[{"href":"https:\/\/alger16.dz\/index.php?rest_route=\/wp\/v2\/posts"}],"about":[{"href":"https:\/\/alger16.dz\/index.php?rest_route=\/wp\/v2\/types\/post"}],"author":[{"embeddable":true,"href":"https:\/\/alger16.dz\/index.php?rest_route=\/wp\/v2\/users\/3"}],"replies":[{"embeddable":true,"href":"https:\/\/alger16.dz\/index.php?rest_route=%2Fwp%2Fv2%2Fcomments&post=8615"}],"version-history":[{"count":1,"href":"https:\/\/alger16.dz\/index.php?rest_route=\/wp\/v2\/posts\/8615\/revisions"}],"predecessor-version":[{"id":8617,"href":"https:\/\/alger16.dz\/index.php?rest_route=\/wp\/v2\/posts\/8615\/revisions\/8617"}],"wp:featuredmedia":[{"embeddable":true,"href":"https:\/\/alger16.dz\/index.php?rest_route=\/wp\/v2\/media\/8616"}],"wp:attachment":[{"href":"https:\/\/alger16.dz\/index.php?rest_route=%2Fwp%2Fv2%2Fmedia&parent=8615"}],"wp:term":[{"taxonomy":"category","embeddable":true,"href":"https:\/\/alger16.dz\/index.php?rest_route=%2Fwp%2Fv2%2Fcategories&post=8615"},{"taxonomy":"post_tag","embeddable":true,"href":"https:\/\/alger16.dz\/index.php?rest_route=%2Fwp%2Fv2%2Ftags&post=8615"}],"curies":[{"name":"wp","href":"https:\/\/api.w.org\/{rel}","templated":true}]}}