{"id":8732,"date":"2024-01-22T15:20:28","date_gmt":"2024-01-22T15:20:28","guid":{"rendered":"https:\/\/alger16.dz\/?p=8732"},"modified":"2024-01-22T15:20:31","modified_gmt":"2024-01-22T15:20:31","slug":"le-president-de-la-republique-tient-une-rencontre-elargie-avec-la-delegation-accompagnant-le-ministre-saoudien-de-linterieur","status":"publish","type":"post","link":"https:\/\/alger16.dz\/?p=8732","title":{"rendered":"Le pr\u00e9sident de la R\u00e9publique tient une rencontre \u00e9largie avec la d\u00e9l\u00e9gation accompagnant le ministre saoudien de l&rsquo;Int\u00e9rieur"},"content":{"rendered":"\n<p><strong>Le pr\u00e9sident de la R\u00e9publique, M. Abdelmadjid Tebboune, a tenu, mardi \u00e0 Alger, une rencontre \u00e9largie avec la d\u00e9l\u00e9gation accompagnant le ministre de l&rsquo;Int\u00e9rieur du Royaume d&rsquo;Arabie Saoudite, Son Altesse l&rsquo;Emir Abdelaziz Ben Nayef Ben Abdelaziz Al-Saoud, indique un communiqu\u00e9 de la Pr\u00e9sidence de la R\u00e9publique.<\/strong><\/p>\n\n\n\n<figure class=\"wp-block-image size-full\"><img loading=\"lazy\" decoding=\"async\" width=\"580\" height=\"350\" src=\"https:\/\/alger16.dz\/wp-content\/uploads\/2024\/01\/b29abc543c252e7fc301e26b5ba9b5a5_M.jpg\" alt=\"\" class=\"wp-image-8733\" srcset=\"https:\/\/alger16.dz\/wp-content\/uploads\/2024\/01\/b29abc543c252e7fc301e26b5ba9b5a5_M.jpg 580w, https:\/\/alger16.dz\/wp-content\/uploads\/2024\/01\/b29abc543c252e7fc301e26b5ba9b5a5_M-300x181.jpg 300w\" sizes=\"auto, (max-width: 580px) 100vw, 580px\" \/><\/figure>\n\n\n\n<p>L&rsquo;audience s&rsquo;est d\u00e9roul\u00e9e en pr\u00e9sence du Directeur de cabinet \u00e0 la Pr\u00e9sidence de la R\u00e9publique, Boualem Boualem, et du ministre de l\u2019Int\u00e9rieur, des Collectivit\u00e9s locales et de l\u2019am\u00e9nagement du territoire, Brahim Merad.<\/p>\n","protected":false},"excerpt":{"rendered":"<p>Le pr\u00e9sident de la R\u00e9publique, M. Abdelmadjid Tebboune, a tenu, mardi \u00e0 Alger, une rencontre \u00e9largie avec la d\u00e9l\u00e9gation accompagnant le ministre de l&rsquo;Int\u00e9rieur du Royaume d&rsquo;Arabie Saoudite, Son Altesse l&rsquo;Emir Abdelaziz Ben Nayef Ben Abdelaziz Al-Saoud, indique un communiqu\u00e9 de la Pr\u00e9sidence de la R\u00e9publique. L&rsquo;audience s&rsquo;est d\u00e9roul\u00e9e en [&hellip;]<\/p>\n","protected":false},"author":3,"featured_media":8733,"comment_status":"open","ping_status":"open","sticky":false,"template":"","format":"standard","meta":{"footnotes":""},"categories":[36],"tags":[],"class_list":["post-8732","post","type-post","status-publish","format-standard","has-post-thumbnail","hentry","category-actualites"],"_links":{"self":[{"href":"https:\/\/alger16.dz\/index.php?rest_route=\/wp\/v2\/posts\/8732","targetHints":{"allow":["GET"]}}],"collection":[{"href":"https:\/\/alger16.dz\/index.php?rest_route=\/wp\/v2\/posts"}],"about":[{"href":"https:\/\/alger16.dz\/index.php?rest_route=\/wp\/v2\/types\/post"}],"author":[{"embeddable":true,"href":"https:\/\/alger16.dz\/index.php?rest_route=\/wp\/v2\/users\/3"}],"replies":[{"embeddable":true,"href":"https:\/\/alger16.dz\/index.php?rest_route=%2Fwp%2Fv2%2Fcomments&post=8732"}],"version-history":[{"count":1,"href":"https:\/\/alger16.dz\/index.php?rest_route=\/wp\/v2\/posts\/8732\/revisions"}],"predecessor-version":[{"id":8734,"href":"https:\/\/alger16.dz\/index.php?rest_route=\/wp\/v2\/posts\/8732\/revisions\/8734"}],"wp:featuredmedia":[{"embeddable":true,"href":"https:\/\/alger16.dz\/index.php?rest_route=\/wp\/v2\/media\/8733"}],"wp:attachment":[{"href":"https:\/\/alger16.dz\/index.php?rest_route=%2Fwp%2Fv2%2Fmedia&parent=8732"}],"wp:term":[{"taxonomy":"category","embeddable":true,"href":"https:\/\/alger16.dz\/index.php?rest_route=%2Fwp%2Fv2%2Fcategories&post=8732"},{"taxonomy":"post_tag","embeddable":true,"href":"https:\/\/alger16.dz\/index.php?rest_route=%2Fwp%2Fv2%2Ftags&post=8732"}],"curies":[{"name":"wp","href":"https:\/\/api.w.org\/{rel}","templated":true}]}}