{"id":9183,"date":"2024-01-31T10:39:20","date_gmt":"2024-01-31T10:39:20","guid":{"rendered":"https:\/\/alger16.dz\/?p=9183"},"modified":"2024-01-31T10:39:22","modified_gmt":"2024-01-31T10:39:22","slug":"arkab-preside-une-reunion-de-coordination-avec-le-crea-sur-le-developpement-du-secteur-minier","status":"publish","type":"post","link":"https:\/\/alger16.dz\/?p=9183","title":{"rendered":"Arkab pr\u00e9side une r\u00e9union de coordination avec le CREA sur le d\u00e9veloppement du secteur minier"},"content":{"rendered":"\n<p><strong>Le ministre de l&rsquo;Energie et des Mines, Mohamed Arkab et le pr\u00e9sident du Conseil du renouveau \u00e9conomique alg\u00e9rien (CREA), Kamel Moula, ont pr\u00e9sid\u00e9, mardi \u00e0 Alger, une r\u00e9union de coordination, durant laquelle ils ont examin\u00e9 les moyens de renforcement de la coop\u00e9ration pour la relance et le d\u00e9veloppement de l&rsquo;activit\u00e9 mini\u00e8re en Alg\u00e9rie, indique un communiqu\u00e9 du minist\u00e8re.<\/strong><\/p>\n\n\n\n<figure class=\"wp-block-image size-full\"><img loading=\"lazy\" decoding=\"async\" width=\"580\" height=\"350\" src=\"https:\/\/alger16.dz\/wp-content\/uploads\/2024\/01\/eq-24.jpg\" alt=\"\" class=\"wp-image-9184\" srcset=\"https:\/\/alger16.dz\/wp-content\/uploads\/2024\/01\/eq-24.jpg 580w, https:\/\/alger16.dz\/wp-content\/uploads\/2024\/01\/eq-24-300x181.jpg 300w\" sizes=\"auto, (max-width: 580px) 100vw, 580px\" \/><\/figure>\n\n\n\n<p>Lors de cette rencontre, qui s&rsquo;est d\u00e9roul\u00e9e au si\u00e8ge du minist\u00e8re en pr\u00e9sence de ses cadres, de membres du CREA et de l\u2019agence nationale des activit\u00e9s mini\u00e8res (ANAM), les deux parties ont examin\u00e9 la situation actuelle de l&rsquo;activit\u00e9 mini\u00e8re en Alg\u00e9rie, tout en mettant en lumi\u00e8re les capacit\u00e9s disponibles et les d\u00e9fis \u00e0 relever, pr\u00e9cise le communiqu\u00e9.<\/p>\n\n\n\n<p>Les discussions ont \u00e9galement port\u00e9 sur \u00ab\u00a0la strat\u00e9gie trac\u00e9e et les plans adopt\u00e9s pour stimuler l&rsquo;investissement dans le secteur minier, notamment en ce qui concerne les \u00e9tudes g\u00e9ologiques, la recherche, la prospection, l&rsquo;exploitation mini\u00e8re et l&rsquo;industrie de transformation mini\u00e8re\u00a0\u00bb.<\/p>\n\n\n\n<p>Les deux parties ont convenu, dans ce sens, de \u00ab\u00a0renforcer la coop\u00e9ration et d&rsquo;intensifier les consultations afin d&rsquo;assurer une mise en \u0153uvre efficace des initiatives, \u00e0 travers la tenue de rencontres consultatives et l&rsquo;intensification des rencontres afin de d\u00e9finir les m\u00e9canismes efficaces pour \u0153uvrer \u00e0 la promotion des investissements nationaux et \u00e9trangers, dans l&rsquo;objectif de r\u00e9aliser un d\u00e9veloppement durable du secteur minier en Alg\u00e9rie\u00a0\u00bb, conclut la source.<\/p>\n","protected":false},"excerpt":{"rendered":"<p>Le ministre de l&rsquo;Energie et des Mines, Mohamed Arkab et le pr\u00e9sident du Conseil du renouveau \u00e9conomique alg\u00e9rien (CREA), Kamel Moula, ont pr\u00e9sid\u00e9, mardi \u00e0 Alger, une r\u00e9union de coordination, durant laquelle ils ont examin\u00e9 les moyens de renforcement de la coop\u00e9ration pour la relance et le d\u00e9veloppement de l&rsquo;activit\u00e9 [&hellip;]<\/p>\n","protected":false},"author":3,"featured_media":9184,"comment_status":"open","ping_status":"open","sticky":false,"template":"","format":"standard","meta":{"footnotes":""},"categories":[63,62],"tags":[],"class_list":["post-9183","post","type-post","status-publish","format-standard","has-post-thumbnail","hentry","category-economie","category-le-savez-vous"],"_links":{"self":[{"href":"https:\/\/alger16.dz\/index.php?rest_route=\/wp\/v2\/posts\/9183","targetHints":{"allow":["GET"]}}],"collection":[{"href":"https:\/\/alger16.dz\/index.php?rest_route=\/wp\/v2\/posts"}],"about":[{"href":"https:\/\/alger16.dz\/index.php?rest_route=\/wp\/v2\/types\/post"}],"author":[{"embeddable":true,"href":"https:\/\/alger16.dz\/index.php?rest_route=\/wp\/v2\/users\/3"}],"replies":[{"embeddable":true,"href":"https:\/\/alger16.dz\/index.php?rest_route=%2Fwp%2Fv2%2Fcomments&post=9183"}],"version-history":[{"count":1,"href":"https:\/\/alger16.dz\/index.php?rest_route=\/wp\/v2\/posts\/9183\/revisions"}],"predecessor-version":[{"id":9185,"href":"https:\/\/alger16.dz\/index.php?rest_route=\/wp\/v2\/posts\/9183\/revisions\/9185"}],"wp:featuredmedia":[{"embeddable":true,"href":"https:\/\/alger16.dz\/index.php?rest_route=\/wp\/v2\/media\/9184"}],"wp:attachment":[{"href":"https:\/\/alger16.dz\/index.php?rest_route=%2Fwp%2Fv2%2Fmedia&parent=9183"}],"wp:term":[{"taxonomy":"category","embeddable":true,"href":"https:\/\/alger16.dz\/index.php?rest_route=%2Fwp%2Fv2%2Fcategories&post=9183"},{"taxonomy":"post_tag","embeddable":true,"href":"https:\/\/alger16.dz\/index.php?rest_route=%2Fwp%2Fv2%2Ftags&post=9183"}],"curies":[{"name":"wp","href":"https:\/\/api.w.org\/{rel}","templated":true}]}}