{"id":9277,"date":"2024-02-03T10:46:22","date_gmt":"2024-02-03T10:46:22","guid":{"rendered":"https:\/\/alger16.dz\/?p=9277"},"modified":"2024-02-03T10:46:25","modified_gmt":"2024-02-03T10:46:25","slug":"equipe-nationale-la-faf-tourne-la-page-belmadi","status":"publish","type":"post","link":"https:\/\/alger16.dz\/?p=9277","title":{"rendered":"\u00e9quipe Nationale : La FAF tourne la page Belmadi"},"content":{"rendered":"\n<p>Par G. Salah Eddine <\/p>\n\n\n\n<p><strong><em>Dans un communiqu\u00e9 officiel publi\u00e9 mardi dernier sur son site internet, la F\u00e9d\u00e9ration alg\u00e9rienne de football (FAF) a d\u00e9plor\u00e9 l\u2019absence de r\u00e9ponse de Djamel Belmadi et affirme qu\u2019elle se projette d\u00e9sormais sur l\u2019avenir.<\/em><\/strong><\/p>\n\n\n\n<figure class=\"wp-block-image size-large\"><img loading=\"lazy\" decoding=\"async\" width=\"1024\" height=\"683\" src=\"https:\/\/alger16.dz\/wp-content\/uploads\/2024\/02\/faf-1024x683.jpg\" alt=\"\" class=\"wp-image-9281\" srcset=\"https:\/\/alger16.dz\/wp-content\/uploads\/2024\/02\/faf-1024x683.jpg 1024w, https:\/\/alger16.dz\/wp-content\/uploads\/2024\/02\/faf-300x200.jpg 300w, https:\/\/alger16.dz\/wp-content\/uploads\/2024\/02\/faf-768x512.jpg 768w, https:\/\/alger16.dz\/wp-content\/uploads\/2024\/02\/faf.jpg 1215w\" sizes=\"auto, (max-width: 1024px) 100vw, 1024px\" \/><\/figure>\n\n\n\n<p>Cette d\u00e9cision fait suite \u00e0 la performance peu glorieuse de l\u2019\u00e9quipe nationale en Coupe d\u2019Afrique des nations (CAN-2023), se soldant par une \u00e9limination en phase de poules sans remporter le moindre match. Cette \u00e9limination, qui survient apr\u00e8s deux \u00e9checs notables \u2013 \u00e0 savoir une performance similaire deux ans plus t\u00f4t en Coupe d\u2019Afrique et une non-qualification en Coupe du monde 2022 \u2013 a \u00e9t\u00e9 \u00e9tait le d\u00e9clencheur d\u2019une r\u00e9volution au sein de l\u2019EN.<br>La FAF \u00ab\u00a0a enregistr\u00e9 avec regret et d\u00e9ception le parcours de l\u2019\u00e9quipe nationale peu glorieux, en de\u00e7\u00e0 des attentes du peuple alg\u00e9rien, lors du premier tour des groupes, \u00e0 la coupe d\u2019Afrique des nations (CAN C\u00f4te d\u2019Ivoire 2023). Au regard des moyens et conditions mat\u00e9rielles mis \u00e0 disposition par l\u2019\u00c9tat et la f\u00e9d\u00e9ration alg\u00e9rienne de football, il \u00e9tait l\u00e9gitime d\u2019en attendre, en retour, des prestations d\u2019une toute autre stature. Pour la seconde fois cons\u00e9cutive (CAN 2021 et CAN 2023), l\u2019\u00e9quipe nationale n\u2019a pas franchi le premier tour et s\u2019est class\u00e9e \u00e0 la 4e et derni\u00e8re du groupe\u201d. \u201cC\u2019est l\u00e0 un \u00e9chec av\u00e9r\u00e9, douloureux et difficilement acceptable, outre l\u2019\u00e9chec \u00e0 la qualification pour la coupe du monde 2022\u00a0\u00bb, a regrett\u00e9 la FAF.<br>Consciente du poids de ses responsabilit\u00e9s envers le football alg\u00e9rien la FAF a affirm\u00e9 qu\u2019un accord de r\u00e9siliation \u00e0 l\u2019amiable a \u00e9tait convenu \u00e0 Bouak\u00e9, en C\u00f4te d\u2019Ivoire, au lendemain de l\u2019\u00e9limination au premier tour, avec les membres du staff technique avec \u00e0 leur t\u00eate l\u2019entraineur principal Djamel Belmadi. Cet accord devait etre finalis\u00e9 d\u00e8s le retour de la d\u00e9l\u00e9gation nationale \u00e0 Alger.<br>Le communiqu\u00e9 de la FAF a notifi\u00e9 que tous les membres du staff avaient sign\u00e9 les documents n\u00e9cessaires \u00e0 la r\u00e9siliation, \u00e0 l\u2019exception de Belmadi qui a sollicit\u00e9 un temps de r\u00e9flexion suppl\u00e9mentaire, r\u00e9torquant que l\u2019accord convenu, dans son volet p\u00e9cuniaire, est en de\u00e7\u00e0 de ses attentes. Il quittera le territoire national quatre jours apr\u00e8s sans donner de r\u00e9ponse.<br>La FAF \u00ab\u00a0consid\u00e8re son silence et son d\u00e9part du territoire national comme un refus et se voit contrainte de tourner d\u00e9finitivement la page et de se projeter d\u00e9sormais sur un nouveau challenge avec un nouveau s\u00e9lectionneur et un nouveau staff technique qui seront d\u00e9sign\u00e9s prochainement\u00a0\u00bb . La F\u00e9d\u00e9ration conclut son communiqu\u00e9 en pr\u00e9cisant qu\u2019elle se r\u00e9serve d\u00e9sormais le droit d\u2019en tirer les cons\u00e9quences l\u00e9gitimes. Elle agira en fonction de la protection des int\u00e9r\u00eats majeurs du football national.<br><\/p>\n","protected":false},"excerpt":{"rendered":"<p>Par G. Salah Eddine Dans un communiqu\u00e9 officiel publi\u00e9 mardi dernier sur son site internet, la F\u00e9d\u00e9ration alg\u00e9rienne de football (FAF) a d\u00e9plor\u00e9 l\u2019absence de r\u00e9ponse de Djamel Belmadi et affirme qu\u2019elle se projette d\u00e9sormais sur l\u2019avenir. Cette d\u00e9cision fait suite \u00e0 la performance peu glorieuse de l\u2019\u00e9quipe nationale en [&hellip;]<\/p>\n","protected":false},"author":3,"featured_media":9281,"comment_status":"open","ping_status":"open","sticky":false,"template":"","format":"standard","meta":{"footnotes":""},"categories":[61],"tags":[],"class_list":["post-9277","post","type-post","status-publish","format-standard","has-post-thumbnail","hentry","category-sport"],"_links":{"self":[{"href":"https:\/\/alger16.dz\/index.php?rest_route=\/wp\/v2\/posts\/9277","targetHints":{"allow":["GET"]}}],"collection":[{"href":"https:\/\/alger16.dz\/index.php?rest_route=\/wp\/v2\/posts"}],"about":[{"href":"https:\/\/alger16.dz\/index.php?rest_route=\/wp\/v2\/types\/post"}],"author":[{"embeddable":true,"href":"https:\/\/alger16.dz\/index.php?rest_route=\/wp\/v2\/users\/3"}],"replies":[{"embeddable":true,"href":"https:\/\/alger16.dz\/index.php?rest_route=%2Fwp%2Fv2%2Fcomments&post=9277"}],"version-history":[{"count":1,"href":"https:\/\/alger16.dz\/index.php?rest_route=\/wp\/v2\/posts\/9277\/revisions"}],"predecessor-version":[{"id":9283,"href":"https:\/\/alger16.dz\/index.php?rest_route=\/wp\/v2\/posts\/9277\/revisions\/9283"}],"wp:featuredmedia":[{"embeddable":true,"href":"https:\/\/alger16.dz\/index.php?rest_route=\/wp\/v2\/media\/9281"}],"wp:attachment":[{"href":"https:\/\/alger16.dz\/index.php?rest_route=%2Fwp%2Fv2%2Fmedia&parent=9277"}],"wp:term":[{"taxonomy":"category","embeddable":true,"href":"https:\/\/alger16.dz\/index.php?rest_route=%2Fwp%2Fv2%2Fcategories&post=9277"},{"taxonomy":"post_tag","embeddable":true,"href":"https:\/\/alger16.dz\/index.php?rest_route=%2Fwp%2Fv2%2Ftags&post=9277"}],"curies":[{"name":"wp","href":"https:\/\/api.w.org\/{rel}","templated":true}]}}