{"id":9951,"date":"2024-02-13T10:38:20","date_gmt":"2024-02-13T10:38:20","guid":{"rendered":"https:\/\/alger16.dz\/?p=9951"},"modified":"2024-02-13T10:38:22","modified_gmt":"2024-02-13T10:38:22","slug":"lemsara-khenchela-commemoration-du-63eme-anniversaire-de-la-mort-du-chahid-ali-souaihi","status":"publish","type":"post","link":"https:\/\/alger16.dz\/?p=9951","title":{"rendered":"Lemsara (Khenchela): comm\u00e9moration du 63\u00e8me anniversaire de la mort du Chahid Ali Souaihi"},"content":{"rendered":"\n<p><strong>La commune de Lemsara, dans la wilaya de Khenchela, a comm\u00e9mor\u00e9, lundi, le 63\u00e8me anniversaire de la mort du Chahid Ali Souaihi (1932-1961), chef de la wilaya I historique.<\/strong><\/p>\n\n\n\n<figure class=\"wp-block-image size-full\"><img loading=\"lazy\" decoding=\"async\" width=\"580\" height=\"350\" src=\"https:\/\/alger16.dz\/wp-content\/uploads\/2024\/02\/soc-4.jpg\" alt=\"\" class=\"wp-image-9952\" srcset=\"https:\/\/alger16.dz\/wp-content\/uploads\/2024\/02\/soc-4.jpg 580w, https:\/\/alger16.dz\/wp-content\/uploads\/2024\/02\/soc-4-300x181.jpg 300w\" sizes=\"auto, (max-width: 580px) 100vw, 580px\" \/><\/figure>\n\n\n\n<p>Les autorit\u00e9s locales, civiles et militaires, accompagn\u00e9es de repr\u00e9sentants de la famille r\u00e9volutionnaire et de plusieurs compagnons d\u2019armes du martyr, se sont rendues devant la st\u00e8le \u00e9rig\u00e9e \u00e0 la m\u00e9moire d\u2019Ali Souaihi, au si\u00e8ge de la wilaya I historique, \u00e0 Lemsara, o\u00f9 l\u2019h\u00e9ro\u00efsme au combat et le courage du martyr ont \u00e9t\u00e9 rappel\u00e9s.<\/p>\n\n\n\n<p>Apr\u00e8s la lev\u00e9e des couleurs, le d\u00e9p\u00f4t d\u2019une gerbe de fleurs devant la st\u00e8le, la lecture de la Fatiha du Coran en m\u00e9moire de tous les Chouhada et une visite du mus\u00e9e Moudjahid Mohamed-Chekroun, la parole a \u00e9t\u00e9 donn\u00e9e \u00e0 un certain nombre de moudjahidine ayant c\u00f4toy\u00e9 le h\u00e9ros Souaihi, qui ont unanimement reconnu \u00e0 ce Chahid une forte personnalit\u00e9 qui a fait de lui un leader id\u00e9al pour la wilaya I historique.<\/p>\n\n\n\n<p>Certains des Moudjahidine pr\u00e9sents ont \u00e9galement \u00e9voqu\u00e9 les p\u00e9rip\u00e9ties de la bataille au cours de laquelle Ali Souaihi est tomb\u00e9 en martyr, dans la for\u00eat de Beni Melloul pr\u00e8s de Lemsara.<\/p>\n\n\n\n<p>Ils ont mis en exergue le courage du Chahid durant cette bataille qui dura trois jours, du 9 au 11 f\u00e9vrier 1961. Une bataille au cours de laquelle les forces coloniales ont utilis\u00e9 toutes sortes d\u2019armes lourdes et fait parachuter plus de 1.000 soldats.<\/p>\n\n\n\n<p>Le moudjahid M\u2019hamed Messa\u00e2di a d\u00e9clar\u00e9 que le chef de la wilaya I historique avait r\u00e9parti les moudjahidine dans diff\u00e9rentes zones de la r\u00e9gion de d\u2019Ighazren Ouamane avant de se dissimuler, mitrailleuse \u00e0 la main, derri\u00e8re un gros rocher, rendant difficile son atteinte par les forces fran\u00e7aises.<\/p>\n\n\n\n<p>Celles-ci, l\u2019ayant localis\u00e9, ont bombard\u00e9 sa cachette, le tuant, lui, et 90 de ses compagnons.<\/p>\n\n\n\n<p>Le m\u00eame moudjahid a racont\u00e9 qu\u2019au cours de la m\u00eame bataille, environ 500 soldats fran\u00e7ais ont \u00e9t\u00e9 tu\u00e9s avant d\u2019\u00eatre \u00e9vacu\u00e9s par avion, dans un contexte particulier marqu\u00e9 par la conviction des Fran\u00e7ais qu\u2019ils \u00ab\u00a0ne pouvaient plus rester en Alg\u00e9rie\u00a0\u00bb d\u2019autant que le quotidien fran\u00e7ais Le Monde annon\u00e7ait dans sa Une que l\u2019arm\u00e9e fran\u00e7aise avait perdu 257 soldats dans la bataille de l\u2019Aur\u00e8s.<\/p>\n\n\n\n<p>A l\u2019occasion de cette comm\u00e9moration, la famille du Chahid Ali Souaihi et quelques-uns des compagnons d\u2019armes du martyr ont \u00e9t\u00e9 honor\u00e9s par le wali de Khenchela, Youcef&nbsp; Mahiout, et des repr\u00e9sentants du secr\u00e9tariat de wilaya de l\u2019Organisation nationale des moudjahidine.<\/p>\n\n\n\n<p>Les laur\u00e9ats des concours organis\u00e9s pour la circonstance ont \u00e9galement \u00e9t\u00e9 honor\u00e9s, avant une c\u00e9r\u00e9monie symbolique de plantation d\u2019arbres, aux alentours de la st\u00e8le d\u00e9di\u00e9e \u00e0 la m\u00e9moire d\u2019Ali Souaihi, sous le slogan \u00ab\u00a0un arbre pour chaque martyr\u00a0\u00bb.<\/p>\n\n\n\n<p>N\u00e9 en 1932 dans la r\u00e9gion d\u2019El Aouinet, dans la wilaya de T\u00e9bessa, Ali Souaihi a d\u00e9but\u00e9 sa scolarit\u00e9 en fr\u00e9quentant la mosqu\u00e9e Sidi Bensa\u00efd pour ensuite int\u00e9grer l\u2019\u00e9cole \u00ab\u00a0El Tahdhib\u00a0\u00bb de l\u2019Association des Oul\u00e9mas musulmans alg\u00e9riens.<\/p>\n\n\n\n<p>Il a adh\u00e9r\u00e9 au parti du peuple alg\u00e9rien (PPA) en 1943, avant de rejoindre la glorieuse r\u00e9volution en 1955, \u00e0 la fronti\u00e8re alg\u00e9ro-tunisienne, o\u00f9 il a \u00e9t\u00e9 d\u2019abord charg\u00e9 de l\u2019approvisionnement, de l\u2019armement et de l\u2019organisation des soldats de l\u2019arm\u00e9e de lib\u00e9ration nationale, pour assumer plus tard plusieurs responsabilit\u00e9s, dont la derni\u00e8re fut celle de commandant de la wilaya I historique.<\/p>\n","protected":false},"excerpt":{"rendered":"<p>La commune de Lemsara, dans la wilaya de Khenchela, a comm\u00e9mor\u00e9, lundi, le 63\u00e8me anniversaire de la mort du Chahid Ali Souaihi (1932-1961), chef de la wilaya I historique. Les autorit\u00e9s locales, civiles et militaires, accompagn\u00e9es de repr\u00e9sentants de la famille r\u00e9volutionnaire et de plusieurs compagnons d\u2019armes du martyr, se [&hellip;]<\/p>\n","protected":false},"author":3,"featured_media":9952,"comment_status":"open","ping_status":"open","sticky":false,"template":"","format":"standard","meta":{"footnotes":""},"categories":[62,53],"tags":[],"class_list":["post-9951","post","type-post","status-publish","format-standard","has-post-thumbnail","hentry","category-le-savez-vous","category-societe"],"_links":{"self":[{"href":"https:\/\/alger16.dz\/index.php?rest_route=\/wp\/v2\/posts\/9951","targetHints":{"allow":["GET"]}}],"collection":[{"href":"https:\/\/alger16.dz\/index.php?rest_route=\/wp\/v2\/posts"}],"about":[{"href":"https:\/\/alger16.dz\/index.php?rest_route=\/wp\/v2\/types\/post"}],"author":[{"embeddable":true,"href":"https:\/\/alger16.dz\/index.php?rest_route=\/wp\/v2\/users\/3"}],"replies":[{"embeddable":true,"href":"https:\/\/alger16.dz\/index.php?rest_route=%2Fwp%2Fv2%2Fcomments&post=9951"}],"version-history":[{"count":1,"href":"https:\/\/alger16.dz\/index.php?rest_route=\/wp\/v2\/posts\/9951\/revisions"}],"predecessor-version":[{"id":9953,"href":"https:\/\/alger16.dz\/index.php?rest_route=\/wp\/v2\/posts\/9951\/revisions\/9953"}],"wp:featuredmedia":[{"embeddable":true,"href":"https:\/\/alger16.dz\/index.php?rest_route=\/wp\/v2\/media\/9952"}],"wp:attachment":[{"href":"https:\/\/alger16.dz\/index.php?rest_route=%2Fwp%2Fv2%2Fmedia&parent=9951"}],"wp:term":[{"taxonomy":"category","embeddable":true,"href":"https:\/\/alger16.dz\/index.php?rest_route=%2Fwp%2Fv2%2Fcategories&post=9951"},{"taxonomy":"post_tag","embeddable":true,"href":"https:\/\/alger16.dz\/index.php?rest_route=%2Fwp%2Fv2%2Ftags&post=9951"}],"curies":[{"name":"wp","href":"https:\/\/api.w.org\/{rel}","templated":true}]}}